{"id":3074,"date":"2016-04-12T00:29:04","date_gmt":"2016-04-11T22:29:04","guid":{"rendered":"http:\/\/my-greenstyle.com\/en\/?p=3074"},"modified":"2017-03-15T13:33:43","modified_gmt":"2017-03-15T12:33:43","slug":"greenshowroom-berlin-eco-high-fashion","status":"publish","type":"post","link":"https:\/\/my-greenstyle.com\/en\/greenshowroom-berlin-eco-high-fashion\/","title":{"rendered":"Greenshowroom Berlin"},"content":{"rendered":"<p>For the fourteenth time the <strong>Greenshowroom<\/strong> (high fashion) and for the tenth time, the <strong>Ethical Fashion Show Berlin<\/strong> (casual and streetwear) will take place in the Postbahnhof on the Stra\u00dfe der Pariser Kommune during the <strong>Berlin Fashion Week.<\/strong> With annually increasing number of exhibitors, the by the Messe Frankfurt organized event has now become the <strong>largest sustainable fashion fair<\/strong> in Europe and an exciting industry magnet.<\/p>\n<h4 style=\"text-align: center;\"><div class=\"su-quote su-quote-style-default\"><div class=\"su-quote-inner su-u-clearfix su-u-trim\"><span style=\"color: #008000;\">It will last forever, if you do it right<\/span><\/div><\/div><\/h4>\n<h2>Labels on the Greenshowroom<\/h2>\n<div id=\"attachment_2213\" style=\"width: 222px\" class=\"wp-caption alignleft\"><img aria-describedby=\"caption-attachment-2213\" loading=\"lazy\" class=\"wp-image-2213 size-medium\" src=\"https:\/\/my-greenstyle.com\/wp-content\/uploads\/2016\/04\/Greenshowroom-Berlin-Juni-2016-Logo-212x300.jpg\" alt=\"Greenshowroom\" width=\"212\" height=\"300\" srcset=\"https:\/\/my-greenstyle.com\/wp-content\/uploads\/2016\/04\/Greenshowroom-Berlin-Juni-2016-Logo-212x300.jpg 212w, https:\/\/my-greenstyle.com\/wp-content\/uploads\/2016\/04\/Greenshowroom-Berlin-Juni-2016-Logo-600x849.jpg 600w, https:\/\/my-greenstyle.com\/wp-content\/uploads\/2016\/04\/Greenshowroom-Berlin-Juni-2016-Logo-601x850.jpg 601w, https:\/\/my-greenstyle.com\/wp-content\/uploads\/2016\/04\/Greenshowroom-Berlin-Juni-2016-Logo.jpg 1500w\" sizes=\"(max-width: 212px) 100vw, 212px\" \/><p id=\"caption-attachment-2213\" class=\"wp-caption-text\">Eco-Fashion in Berlin<\/p><\/div>\n<p>Fantastic <strong>German Eco-labels,<\/strong> such as the Hamburg-based whiz <a href=\"https:\/\/my-greenstyle.com\/en\/jan-n-june-labelportraet\/\" target=\"_blank\">Jan&#8217;n June<\/a>, the Eco Denim Label <a href=\"https:\/\/my-greenstyle.com\/en\/goodsociety-labelportraet\/\" target=\"_blank\">goodsociety<\/a>, the accessories label <a href=\"https:\/\/my-greenstyle.com\/en\/nine-to-five-labelportraet\/\" target=\"_blank\">Nine to Five<\/a> and <a href=\"https:\/\/my-greenstyle.com\/en\/alinaschuerfeld-label-portrait\/\" target=\"_blank\">ALINASCHUERFELD<\/a> or <a href=\"https:\/\/my-greenstyle.com\/elsien-gringhuis-labelportraet\/\" target=\"_blank\">Elsien Gringhuis<\/a> and <a href=\"https:\/\/my-greenstyle.com\/en\/studio-jux-label-portrait\/\" target=\"_blank\">Studio Jux<\/a> from Holland to name just a few, show their collections, that <strong>sustainability<\/strong> does not preclude <strong>high fashion.<\/strong> They speak as industry <strong>insiders<\/strong> about the <strong>fair production conditions<\/strong> and <strong>social commitment<\/strong> about their labels and present great <strong>material innovations<\/strong> such as the Mallorca-based accessory label Maravillas Bags by Christina Bussmann that designs a <strong>vegan alternative<\/strong> to the leather bags with <a href=\"https:\/\/my-greenstyle.com\/en\/green-glossary\/#green-glossary-tab-16\" target=\"_blank\">pineapple leather<\/a>.<\/p>\n<h4>The Greenshowroom Programm<\/h4>\n<p>In addition to the presentations of the collections, it is mainly the high-caliber <strong>presentations<\/strong> and <strong>discussions<\/strong> on sustainable development in the textile industry, which make the Greenshowroom so exciting. So expected by media representatives and trade visitors, among others exciting presentations for <a href=\"https:\/\/my-greenstyle.com\/en\/green-glossary\/#green-glossary-tab-7\" target=\"_blank\">GOTS<\/a> certification, the realization of living wages and life <a href=\"https:\/\/my-greenstyle.com\/en\/green-glossary\/#green-glossary-tab-3\" target=\"_blank\">cycle analysis<\/a>. The moving <strong>Norwegian web documentary<\/strong> <a href=\"https:\/\/my-greenstyle.com\/en\/web-tv-sweatshop-welcome-to-the-fashion-hell\/\" target=\"_blank\">&#8220;Sweatshop &#8211; deadly fashion&#8221;<\/a> will be shown, where the blogger Frida talks about her experiences as a factory worker in the garment industry in Cambodia.<\/p>\n<h4>Eco-fashion Spotlight: the shows<\/h4>\n<p>As Highlights of the Greenshowroom count each season the two <strong>runway shows:<\/strong> As part of the <strong>Salonshow<\/strong> selected premium exhibitors presents their sustainable high fashion collections. The <strong>Ethical Fashion Show<\/strong> is the catwalk event for the casual and streetwear labels.<\/p>\n<p>Magnificent: The great outdoor area in front of the brick building of the Postbahnhof provides space for small food trucks with <strong>vegan delicacies,<\/strong> locally produced ice and numerous, wonderful refreshments.<\/p>\n<p>Of course, I will be there this season and keep you up to date on the great news. In the meantime, here is a <strong>brief review<\/strong> of the event in January.<\/p>\n<h4>My-GREENstyle.com X Greenshowroom, Januar 2016<\/h4>\n<blockquote class=\"instagram-media\" data-instgrm-captioned data-instgrm-version=\"6\" style=\" background:#FFF; border:0; border-radius:3px; box-shadow:0 0 1px 0 rgba(0,0,0,0.5),0 1px 10px 0 rgba(0,0,0,0.15); margin: 1px; max-width:658px; padding:0; width:99.375%; width:-webkit-calc(100% - 2px); width:calc(100% - 2px);\">\n<div style=\"padding:8px;\">\n<div style=\" background:#F8F8F8; line-height:0; margin-top:40px; padding:50.0% 0; text-align:center; width:100%;\">\n<div style=\" background:url(data:image\/png;base64,iVBORw0KGgoAAAANSUhEUgAAACwAAAAsCAMAAAApWqozAAAAGFBMVEUiIiI9PT0eHh4gIB4hIBkcHBwcHBwcHBydr+JQAAAACHRSTlMABA4YHyQsM5jtaMwAAADfSURBVDjL7ZVBEgMhCAQBAf\/\/42xcNbpAqakcM0ftUmFAAIBE81IqBJdS3lS6zs3bIpB9WED3YYXFPmHRfT8sgyrCP1x8uEUxLMzNWElFOYCV6mHWWwMzdPEKHlhLw7NWJqkHc4uIZphavDzA2JPzUDsBZziNae2S6owH8xPmX8G7zzgKEOPUoYHvGz1TBCxMkd3kwNVbU0gKHkx+iZILf77IofhrY1nYFnB\/lQPb79drWOyJVa\/DAvg9B\/rLB4cC+Nqgdz\/TvBbBnr6GBReqn\/nRmDgaQEej7WhonozjF+Y2I\/fZou\/qAAAAAElFTkSuQmCC); display:block; height:44px; margin:0 auto -44px; position:relative; top:-22px; width:44px;\"><\/div>\n<\/div>\n<p style=\" margin:8px 0 0 0; padding:0 4px;\"> <a href=\"https:\/\/www.instagram.com\/p\/BBflMZBA-ia\/\" style=\" color:#000; font-family:Arial,sans-serif; font-size:14px; font-style:normal; font-weight:normal; line-height:17px; text-decoration:none; word-wrap:break-word;\" target=\"_blank\">Light, bright and eco-friendly: Our favorite items from @elsiengringhuis @jannjune @mariaseifertcollections @belluttibags @beaumontorganic with this fantastic pic from @casadekaophotography (c)Tse Kao. Now online! Link in Bio \ud83d\udd1d #greenluxury #greenfashion #ecolabel #ecofashion #ecofashionblogger #greenlifestyle #smartfashion #sustainability #nachhaltigemode #springtime #springfashion #newcollection #fairfashion #letthespringbegin #letthesunshine #begoodtoyourself #ootd #lotd<\/a><\/p>\n<p style=\" color:#c9c8cd; font-family:Arial,sans-serif; font-size:14px; line-height:17px; margin-bottom:0; margin-top:8px; overflow:hidden; padding:8px 0 7px; text-align:center; text-overflow:ellipsis; white-space:nowrap;\">A photo posted by my-GREENstyle (@mygreenstylecom) on <time style=\" font-family:Arial,sans-serif; font-size:14px; line-height:17px;\" datetime=\"2016-02-07T17:29:06+00:00\">Feb 7, 2016 at 9:29am PST<\/time><\/p>\n<\/div>\n<\/blockquote>\n<p><script async defer src=\"\/\/platform.instagram.com\/en_US\/embeds.js\"><\/script><\/p>\n<blockquote class=\"instagram-media\" data-instgrm-captioned data-instgrm-version=\"6\" style=\" background:#FFF; border:0; border-radius:3px; box-shadow:0 0 1px 0 rgba(0,0,0,0.5),0 1px 10px 0 rgba(0,0,0,0.15); margin: 1px; max-width:658px; padding:0; width:99.375%; width:-webkit-calc(100% - 2px); width:calc(100% - 2px);\">\n<div style=\"padding:8px;\">\n<div style=\" background:#F8F8F8; line-height:0; margin-top:40px; padding:50.0% 0; text-align:center; width:100%;\">\n<div style=\" background:url(data:image\/png;base64,iVBORw0KGgoAAAANSUhEUgAAACwAAAAsCAMAAAApWqozAAAAGFBMVEUiIiI9PT0eHh4gIB4hIBkcHBwcHBwcHBydr+JQAAAACHRSTlMABA4YHyQsM5jtaMwAAADfSURBVDjL7ZVBEgMhCAQBAf\/\/42xcNbpAqakcM0ftUmFAAIBE81IqBJdS3lS6zs3bIpB9WED3YYXFPmHRfT8sgyrCP1x8uEUxLMzNWElFOYCV6mHWWwMzdPEKHlhLw7NWJqkHc4uIZphavDzA2JPzUDsBZziNae2S6owH8xPmX8G7zzgKEOPUoYHvGz1TBCxMkd3kwNVbU0gKHkx+iZILf77IofhrY1nYFnB\/lQPb79drWOyJVa\/DAvg9B\/rLB4cC+Nqgdz\/TvBbBnr6GBReqn\/nRmDgaQEej7WhonozjF+Y2I\/fZou\/qAAAAAElFTkSuQmCC); display:block; height:44px; margin:0 auto -44px; position:relative; top:-22px; width:44px;\"><\/div>\n<\/div>\n<p style=\" margin:8px 0 0 0; padding:0 4px;\"> <a href=\"https:\/\/www.instagram.com\/p\/BBZqkTJA-vO\/\" style=\" color:#000; font-family:Arial,sans-serif; font-size:14px; font-style:normal; font-weight:normal; line-height:17px; text-decoration:none; word-wrap:break-word;\" target=\"_blank\">GREEN und fairtrade: We\ud83d\udc9a die waldgr\u00fcne Eco-Lederclutch Dashing Daisy von @omybagamsterdam #omybag #sustainablefashion #sustainability #greenlifestyle #ecolabel #ecoleather #greenluxury #greenfashion #greenbloggers #ecoblogger #handbag #clutch #clutchbag #amsterdam #savetheplanet #ecofriendly #ecofriendlyfashion #ecofashion #ecofashionblogger<\/a><\/p>\n<p style=\" color:#c9c8cd; font-family:Arial,sans-serif; font-size:14px; line-height:17px; margin-bottom:0; margin-top:8px; overflow:hidden; padding:8px 0 7px; text-align:center; text-overflow:ellipsis; white-space:nowrap;\">A photo posted by my-GREENstyle (@mygreenstylecom) on <time style=\" font-family:Arial,sans-serif; font-size:14px; line-height:17px;\" datetime=\"2016-02-05T10:20:37+00:00\">Feb 5, 2016 at 2:20am PST<\/time><\/p>\n<\/div>\n<\/blockquote>\n<p><script async defer src=\"\/\/platform.instagram.com\/en_US\/embeds.js\"><\/script><\/p>\n<blockquote class=\"instagram-media\" data-instgrm-captioned data-instgrm-version=\"6\" style=\" background:#FFF; border:0; border-radius:3px; box-shadow:0 0 1px 0 rgba(0,0,0,0.5),0 1px 10px 0 rgba(0,0,0,0.15); margin: 1px; max-width:658px; padding:0; width:99.375%; width:-webkit-calc(100% - 2px); width:calc(100% - 2px);\">\n<div style=\"padding:8px;\">\n<div style=\" background:#F8F8F8; line-height:0; margin-top:40px; padding:50.0% 0; text-align:center; width:100%;\">\n<div style=\" background:url(data:image\/png;base64,iVBORw0KGgoAAAANSUhEUgAAACwAAAAsCAMAAAApWqozAAAAGFBMVEUiIiI9PT0eHh4gIB4hIBkcHBwcHBwcHBydr+JQAAAACHRSTlMABA4YHyQsM5jtaMwAAADfSURBVDjL7ZVBEgMhCAQBAf\/\/42xcNbpAqakcM0ftUmFAAIBE81IqBJdS3lS6zs3bIpB9WED3YYXFPmHRfT8sgyrCP1x8uEUxLMzNWElFOYCV6mHWWwMzdPEKHlhLw7NWJqkHc4uIZphavDzA2JPzUDsBZziNae2S6owH8xPmX8G7zzgKEOPUoYHvGz1TBCxMkd3kwNVbU0gKHkx+iZILf77IofhrY1nYFnB\/lQPb79drWOyJVa\/DAvg9B\/rLB4cC+Nqgdz\/TvBbBnr6GBReqn\/nRmDgaQEej7WhonozjF+Y2I\/fZou\/qAAAAAElFTkSuQmCC); display:block; height:44px; margin:0 auto -44px; position:relative; top:-22px; width:44px;\"><\/div>\n<\/div>\n<p style=\" margin:8px 0 0 0; padding:0 4px;\"> <a href=\"https:\/\/www.instagram.com\/p\/BA9aOfpA-pI\/\" style=\" color:#000; font-family:Arial,sans-serif; font-size:14px; font-style:normal; font-weight:normal; line-height:17px; text-decoration:none; word-wrap:break-word;\" target=\"_blank\">Gro\u00dfartige Kollektion, cooler Bronze-Schmuck: Das holl\u00e4ndische Eco-Label @studiojux produziert nachhaltig, fair und komplett transparent. We Love! #studiojux #ethicalfashion #lotd #fashionblogger #ecofashionblogger #sustainable #sustainablefashion #nachhaltig #ecofashion #smartfashion #fair #fairtrade #fairfashion #nepal #ecolabel #ecojewelery #ootd<\/a><\/p>\n<p style=\" color:#c9c8cd; font-family:Arial,sans-serif; font-size:14px; line-height:17px; margin-bottom:0; margin-top:8px; overflow:hidden; padding:8px 0 7px; text-align:center; text-overflow:ellipsis; white-space:nowrap;\">A photo posted by my-GREENstyle (@mygreenstylecom) on <time style=\" font-family:Arial,sans-serif; font-size:14px; line-height:17px;\" datetime=\"2016-01-25T10:59:05+00:00\">Jan 25, 2016 at 2:59am PST<\/time><\/p>\n<\/div>\n<\/blockquote>\n<p><script async defer src=\"\/\/platform.instagram.com\/en_US\/embeds.js\"><\/script><\/p>\n<blockquote class=\"instagram-media\" data-instgrm-captioned data-instgrm-version=\"6\" style=\" background:#FFF; border:0; border-radius:3px; box-shadow:0 0 1px 0 rgba(0,0,0,0.5),0 1px 10px 0 rgba(0,0,0,0.15); margin: 1px; max-width:658px; padding:0; width:99.375%; width:-webkit-calc(100% - 2px); width:calc(100% - 2px);\">\n<div style=\"padding:8px;\">\n<div style=\" background:#F8F8F8; line-height:0; margin-top:40px; padding:50.0% 0; text-align:center; width:100%;\">\n<div style=\" background:url(data:image\/png;base64,iVBORw0KGgoAAAANSUhEUgAAACwAAAAsCAMAAAApWqozAAAAGFBMVEUiIiI9PT0eHh4gIB4hIBkcHBwcHBwcHBydr+JQAAAACHRSTlMABA4YHyQsM5jtaMwAAADfSURBVDjL7ZVBEgMhCAQBAf\/\/42xcNbpAqakcM0ftUmFAAIBE81IqBJdS3lS6zs3bIpB9WED3YYXFPmHRfT8sgyrCP1x8uEUxLMzNWElFOYCV6mHWWwMzdPEKHlhLw7NWJqkHc4uIZphavDzA2JPzUDsBZziNae2S6owH8xPmX8G7zzgKEOPUoYHvGz1TBCxMkd3kwNVbU0gKHkx+iZILf77IofhrY1nYFnB\/lQPb79drWOyJVa\/DAvg9B\/rLB4cC+Nqgdz\/TvBbBnr6GBReqn\/nRmDgaQEej7WhonozjF+Y2I\/fZou\/qAAAAAElFTkSuQmCC); display:block; height:44px; margin:0 auto -44px; position:relative; top:-22px; width:44px;\"><\/div>\n<\/div>\n<p style=\" margin:8px 0 0 0; padding:0 4px;\"> <a href=\"https:\/\/www.instagram.com\/p\/BA76HeGg-rD\/\" style=\" color:#000; font-family:Arial,sans-serif; font-size:14px; font-style:normal; font-weight:normal; line-height:17px; text-decoration:none; word-wrap:break-word;\" target=\"_blank\">In diesen Musthave-Look von @johannariplinger haben wir uns auf dem @greenshowroom sofort verliebt. Die Deutsch-Amerikanerin mit Wohnsitz in Paris beweist mal wieder, dass High-Fashion und Nachhaltigkeit kein Widerspruch sind! #johannariplinger #sustainablefashion #organic #greenluxury #ecodye #highfashion #ecofashionblogger #madeinfrance #fashionblogger #lotd #ethicalfashion<\/a><\/p>\n<p style=\" color:#c9c8cd; font-family:Arial,sans-serif; font-size:14px; line-height:17px; margin-bottom:0; margin-top:8px; overflow:hidden; padding:8px 0 7px; text-align:center; text-overflow:ellipsis; white-space:nowrap;\">A photo posted by my-GREENstyle (@mygreenstylecom) on <time style=\" font-family:Arial,sans-serif; font-size:14px; line-height:17px;\" datetime=\"2016-01-24T20:59:16+00:00\">Jan 24, 2016 at 12:59pm PST<\/time><\/p>\n<\/div>\n<\/blockquote>\n<p><script async defer src=\"\/\/platform.instagram.com\/en_US\/embeds.js\"><\/script><\/p>\n<blockquote class=\"instagram-media\" data-instgrm-captioned data-instgrm-version=\"6\" style=\" background:#FFF; border:0; border-radius:3px; box-shadow:0 0 1px 0 rgba(0,0,0,0.5),0 1px 10px 0 rgba(0,0,0,0.15); margin: 1px; max-width:658px; padding:0; width:99.375%; width:-webkit-calc(100% - 2px); width:calc(100% - 2px);\">\n<div style=\"padding:8px;\">\n<div style=\" background:#F8F8F8; line-height:0; margin-top:40px; padding:50.0% 0; text-align:center; width:100%;\">\n<div style=\" background:url(data:image\/png;base64,iVBORw0KGgoAAAANSUhEUgAAACwAAAAsCAMAAAApWqozAAAAGFBMVEUiIiI9PT0eHh4gIB4hIBkcHBwcHBwcHBydr+JQAAAACHRSTlMABA4YHyQsM5jtaMwAAADfSURBVDjL7ZVBEgMhCAQBAf\/\/42xcNbpAqakcM0ftUmFAAIBE81IqBJdS3lS6zs3bIpB9WED3YYXFPmHRfT8sgyrCP1x8uEUxLMzNWElFOYCV6mHWWwMzdPEKHlhLw7NWJqkHc4uIZphavDzA2JPzUDsBZziNae2S6owH8xPmX8G7zzgKEOPUoYHvGz1TBCxMkd3kwNVbU0gKHkx+iZILf77IofhrY1nYFnB\/lQPb79drWOyJVa\/DAvg9B\/rLB4cC+Nqgdz\/TvBbBnr6GBReqn\/nRmDgaQEej7WhonozjF+Y2I\/fZou\/qAAAAAElFTkSuQmCC); display:block; height:44px; margin:0 auto -44px; position:relative; top:-22px; width:44px;\"><\/div>\n<\/div>\n<p style=\" margin:8px 0 0 0; padding:0 4px;\"> <a href=\"https:\/\/www.instagram.com\/p\/BAxA7rJA-jy\/\" style=\" color:#000; font-family:Arial,sans-serif; font-size:14px; font-style:normal; font-weight:normal; line-height:17px; text-decoration:none; word-wrap:break-word;\" target=\"_blank\">Lieblingsst\u00fcck: die legend\u00e4re Paperbag Longhandle von @myomydogoods gibt&#39;s jetzt auch in Wei\u00df! \u00d6kologisch, fair UND Cleanchic at its best! #myomydogoods #smartfashion #sustainable #nachhaltig #ecofashion #berlin #greendesign #highfashion #ecoaccessories #lieblingsst\u00fcck #fashionweek #greendesign #greenfashion<\/a><\/p>\n<p style=\" color:#c9c8cd; font-family:Arial,sans-serif; font-size:14px; line-height:17px; margin-bottom:0; margin-top:8px; overflow:hidden; padding:8px 0 7px; text-align:center; text-overflow:ellipsis; white-space:nowrap;\">A photo posted by my-GREENstyle (@mygreenstylecom) on <time style=\" font-family:Arial,sans-serif; font-size:14px; line-height:17px;\" datetime=\"2016-01-20T15:27:11+00:00\">Jan 20, 2016 at 7:27am PST<\/time><\/p>\n<\/div>\n<\/blockquote>\n<p><script async defer src=\"\/\/platform.instagram.com\/en_US\/embeds.js\"><\/script><\/p>\n<p><em>Greenshowroom\/Ethical Fashion Show Berlin<\/em><br \/>\n<em>26 to 30 Juni 2016<\/em><br \/>\n<em>Berliner Postbahnhof<\/em><br \/>\n<em>Stra\u00dfe der Pariser Kommune 8<\/em><br \/>\n<em>10243 Berlin<\/em><br \/>\n<em>www.greenshowroom.com<\/em><\/p>\n<p>Trend Report Greenshowroom in January 2016. <a href=\"https:\/\/my-greenstyle.com\/en\/greenshowroom-fair-fashion-in-berlin\/\" target=\"_blank\">Click here<\/a><\/p>\n","protected":false},"excerpt":{"rendered":"<p>For the fourteenth time the Greenshowroom (high fashion) and for the tenth time, the Ethical Fashion Show Berlin (casual and streetwear) will take place in the Postbahnhof on the Stra\u00dfe der Pariser Kommune during the Berlin Fashion Week. With annually increasing number of exhibitors, the by the Messe Frankfurt organized event has now become the [&hellip;]<\/p>\n","protected":false},"author":2,"featured_media":2784,"comment_status":"open","ping_status":"open","sticky":false,"template":"","format":"standard","meta":[],"categories":[497],"tags":[1132,1244,1148,1123,1149,1183,1065],"acf":[],"yoast_head":"<!-- This site is optimized with the Yoast SEO plugin v16.7 - https:\/\/yoast.com\/wordpress\/plugins\/seo\/ -->\n<title>Greenshowroom Berlin - my-GREENstyle<\/title>\n<meta name=\"description\" content=\"From June 28 to 30 Berlin is the epicenter of the green fashion scene, fantastic Eco-labels show their collections at the Greenshowroom\" \/>\n<meta name=\"robots\" content=\"index, follow, max-snippet:-1, max-image-preview:large, max-video-preview:-1\" \/>\n<link rel=\"canonical\" href=\"https:\/\/my-greenstyle.com\/en\/greenshowroom-berlin-eco-high-fashion\/\" \/>\n<meta property=\"og:locale\" content=\"en_US\" \/>\n<meta property=\"og:type\" content=\"article\" \/>\n<meta property=\"og:title\" content=\"Greenshowroom Berlin - my-GREENstyle\" \/>\n<meta property=\"og:description\" content=\"From June 28 to 30 Berlin is the epicenter of the green fashion scene, fantastic Eco-labels show their collections at the Greenshowroom\" \/>\n<meta property=\"og:url\" content=\"https:\/\/my-greenstyle.com\/en\/greenshowroom-berlin-eco-high-fashion\/\" \/>\n<meta property=\"og:site_name\" content=\"my-GREENstyle\" \/>\n<meta property=\"article:publisher\" content=\"https:\/\/www.facebook.com\/mygreenstylecom\" \/>\n<meta property=\"article:published_time\" content=\"2016-04-11T22:29:04+00:00\" \/>\n<meta property=\"article:modified_time\" content=\"2017-03-15T12:33:43+00:00\" \/>\n<meta property=\"og:image\" content=\"https:\/\/my-greenstyle.com\/wp-content\/uploads\/2016\/04\/Greenshowroom-Berlin-Elsien-Gringhuis.jpg\" \/>\n\t<meta property=\"og:image:width\" content=\"2000\" \/>\n\t<meta property=\"og:image:height\" content=\"1331\" \/>\n<meta name=\"twitter:card\" content=\"summary\" \/>\n<meta name=\"twitter:label1\" content=\"Written by\" \/>\n\t<meta name=\"twitter:data1\" content=\"Mirjam Smend\" \/>\n\t<meta name=\"twitter:label2\" content=\"Est. reading time\" \/>\n\t<meta name=\"twitter:data2\" content=\"2 minutes\" \/>\n<script type=\"application\/ld+json\" class=\"yoast-schema-graph\">{\"@context\":\"https:\/\/schema.org\",\"@graph\":[{\"@type\":\"WebSite\",\"@id\":\"https:\/\/my-greenstyle.com\/en\/#website\",\"url\":\"https:\/\/my-greenstyle.com\/en\/\",\"name\":\"my-GREENstyle\",\"description\":\"Eine weitere WordPress-Seite\",\"potentialAction\":[{\"@type\":\"SearchAction\",\"target\":{\"@type\":\"EntryPoint\",\"urlTemplate\":\"https:\/\/my-greenstyle.com\/en\/?s={search_term_string}\"},\"query-input\":\"required name=search_term_string\"}],\"inLanguage\":\"en-US\"},{\"@type\":\"ImageObject\",\"@id\":\"https:\/\/my-greenstyle.com\/en\/greenshowroom-berlin-eco-high-fashion\/#primaryimage\",\"inLanguage\":\"en-US\",\"url\":\"https:\/\/my-greenstyle.com\/wp-content\/uploads\/2016\/04\/Greenshowroom-Berlin-Elsien-Gringhuis.jpg\",\"contentUrl\":\"https:\/\/my-greenstyle.com\/wp-content\/uploads\/2016\/04\/Greenshowroom-Berlin-Elsien-Gringhuis.jpg\",\"width\":2000,\"height\":1331,\"caption\":\"High Fashion meets sustainability: Greenshowroom Berlin (c) Alexander K\\u00f6rner\/Getty Images\"},{\"@type\":\"WebPage\",\"@id\":\"https:\/\/my-greenstyle.com\/en\/greenshowroom-berlin-eco-high-fashion\/#webpage\",\"url\":\"https:\/\/my-greenstyle.com\/en\/greenshowroom-berlin-eco-high-fashion\/\",\"name\":\"Greenshowroom Berlin - my-GREENstyle\",\"isPartOf\":{\"@id\":\"https:\/\/my-greenstyle.com\/en\/#website\"},\"primaryImageOfPage\":{\"@id\":\"https:\/\/my-greenstyle.com\/en\/greenshowroom-berlin-eco-high-fashion\/#primaryimage\"},\"datePublished\":\"2016-04-11T22:29:04+00:00\",\"dateModified\":\"2017-03-15T12:33:43+00:00\",\"author\":{\"@id\":\"https:\/\/my-greenstyle.com\/en\/#\/schema\/person\/2d0a020d74298edd124f8ef1969885c4\"},\"description\":\"From June 28 to 30 Berlin is the epicenter of the green fashion scene, fantastic Eco-labels show their collections at the Greenshowroom\",\"breadcrumb\":{\"@id\":\"https:\/\/my-greenstyle.com\/en\/greenshowroom-berlin-eco-high-fashion\/#breadcrumb\"},\"inLanguage\":\"en-US\",\"potentialAction\":[{\"@type\":\"ReadAction\",\"target\":[\"https:\/\/my-greenstyle.com\/en\/greenshowroom-berlin-eco-high-fashion\/\"]}]},{\"@type\":\"BreadcrumbList\",\"@id\":\"https:\/\/my-greenstyle.com\/en\/greenshowroom-berlin-eco-high-fashion\/#breadcrumb\",\"itemListElement\":[{\"@type\":\"ListItem\",\"position\":1,\"name\":\"Home\",\"item\":\"https:\/\/my-greenstyle.com\/en\/\"},{\"@type\":\"ListItem\",\"position\":2,\"name\":\"Greenshowroom Berlin\"}]},{\"@type\":\"Person\",\"@id\":\"https:\/\/my-greenstyle.com\/en\/#\/schema\/person\/2d0a020d74298edd124f8ef1969885c4\",\"name\":\"Mirjam Smend\",\"image\":{\"@type\":\"ImageObject\",\"@id\":\"https:\/\/my-greenstyle.com\/en\/#personlogo\",\"inLanguage\":\"en-US\",\"url\":\"https:\/\/secure.gravatar.com\/avatar\/8b837db10ab66e0a39107244829d09d2?s=96&d=mm&r=g\",\"contentUrl\":\"https:\/\/secure.gravatar.com\/avatar\/8b837db10ab66e0a39107244829d09d2?s=96&d=mm&r=g\",\"caption\":\"Mirjam Smend\"},\"url\":\"https:\/\/my-greenstyle.com\/en\/author\/mirijam\/\"}]}<\/script>\n<!-- \/ Yoast SEO plugin. -->","yoast_head_json":{"title":"Greenshowroom Berlin - my-GREENstyle","description":"From June 28 to 30 Berlin is the epicenter of the green fashion scene, fantastic Eco-labels show their collections at the Greenshowroom","robots":{"index":"index","follow":"follow","max-snippet":"max-snippet:-1","max-image-preview":"max-image-preview:large","max-video-preview":"max-video-preview:-1"},"canonical":"https:\/\/my-greenstyle.com\/en\/greenshowroom-berlin-eco-high-fashion\/","og_locale":"en_US","og_type":"article","og_title":"Greenshowroom Berlin - my-GREENstyle","og_description":"From June 28 to 30 Berlin is the epicenter of the green fashion scene, fantastic Eco-labels show their collections at the Greenshowroom","og_url":"https:\/\/my-greenstyle.com\/en\/greenshowroom-berlin-eco-high-fashion\/","og_site_name":"my-GREENstyle","article_publisher":"https:\/\/www.facebook.com\/mygreenstylecom","article_published_time":"2016-04-11T22:29:04+00:00","article_modified_time":"2017-03-15T12:33:43+00:00","og_image":[{"width":2000,"height":1331,"url":"https:\/\/my-greenstyle.com\/wp-content\/uploads\/2016\/04\/Greenshowroom-Berlin-Elsien-Gringhuis.jpg","path":"\/homepages\/22\/d609430457\/htdocs\/my-greenstyle\/wp-content\/uploads\/2016\/04\/Greenshowroom-Berlin-Elsien-Gringhuis.jpg","size":"full","id":2784,"alt":"","pixels":2662000,"type":"image\/jpeg"}],"twitter_card":"summary","twitter_misc":{"Written by":"Mirjam Smend","Est. reading time":"2 minutes"},"schema":{"@context":"https:\/\/schema.org","@graph":[{"@type":"WebSite","@id":"https:\/\/my-greenstyle.com\/en\/#website","url":"https:\/\/my-greenstyle.com\/en\/","name":"my-GREENstyle","description":"Eine weitere WordPress-Seite","potentialAction":[{"@type":"SearchAction","target":{"@type":"EntryPoint","urlTemplate":"https:\/\/my-greenstyle.com\/en\/?s={search_term_string}"},"query-input":"required name=search_term_string"}],"inLanguage":"en-US"},{"@type":"ImageObject","@id":"https:\/\/my-greenstyle.com\/en\/greenshowroom-berlin-eco-high-fashion\/#primaryimage","inLanguage":"en-US","url":"https:\/\/my-greenstyle.com\/wp-content\/uploads\/2016\/04\/Greenshowroom-Berlin-Elsien-Gringhuis.jpg","contentUrl":"https:\/\/my-greenstyle.com\/wp-content\/uploads\/2016\/04\/Greenshowroom-Berlin-Elsien-Gringhuis.jpg","width":2000,"height":1331,"caption":"High Fashion meets sustainability: Greenshowroom Berlin (c) Alexander K\u00f6rner\/Getty Images"},{"@type":"WebPage","@id":"https:\/\/my-greenstyle.com\/en\/greenshowroom-berlin-eco-high-fashion\/#webpage","url":"https:\/\/my-greenstyle.com\/en\/greenshowroom-berlin-eco-high-fashion\/","name":"Greenshowroom Berlin - my-GREENstyle","isPartOf":{"@id":"https:\/\/my-greenstyle.com\/en\/#website"},"primaryImageOfPage":{"@id":"https:\/\/my-greenstyle.com\/en\/greenshowroom-berlin-eco-high-fashion\/#primaryimage"},"datePublished":"2016-04-11T22:29:04+00:00","dateModified":"2017-03-15T12:33:43+00:00","author":{"@id":"https:\/\/my-greenstyle.com\/en\/#\/schema\/person\/2d0a020d74298edd124f8ef1969885c4"},"description":"From June 28 to 30 Berlin is the epicenter of the green fashion scene, fantastic Eco-labels show their collections at the Greenshowroom","breadcrumb":{"@id":"https:\/\/my-greenstyle.com\/en\/greenshowroom-berlin-eco-high-fashion\/#breadcrumb"},"inLanguage":"en-US","potentialAction":[{"@type":"ReadAction","target":["https:\/\/my-greenstyle.com\/en\/greenshowroom-berlin-eco-high-fashion\/"]}]},{"@type":"BreadcrumbList","@id":"https:\/\/my-greenstyle.com\/en\/greenshowroom-berlin-eco-high-fashion\/#breadcrumb","itemListElement":[{"@type":"ListItem","position":1,"name":"Home","item":"https:\/\/my-greenstyle.com\/en\/"},{"@type":"ListItem","position":2,"name":"Greenshowroom Berlin"}]},{"@type":"Person","@id":"https:\/\/my-greenstyle.com\/en\/#\/schema\/person\/2d0a020d74298edd124f8ef1969885c4","name":"Mirjam Smend","image":{"@type":"ImageObject","@id":"https:\/\/my-greenstyle.com\/en\/#personlogo","inLanguage":"en-US","url":"https:\/\/secure.gravatar.com\/avatar\/8b837db10ab66e0a39107244829d09d2?s=96&d=mm&r=g","contentUrl":"https:\/\/secure.gravatar.com\/avatar\/8b837db10ab66e0a39107244829d09d2?s=96&d=mm&r=g","caption":"Mirjam Smend"},"url":"https:\/\/my-greenstyle.com\/en\/author\/mirijam\/"}]}},"_links":{"self":[{"href":"https:\/\/my-greenstyle.com\/en\/wp-json\/wp\/v2\/posts\/3074"}],"collection":[{"href":"https:\/\/my-greenstyle.com\/en\/wp-json\/wp\/v2\/posts"}],"about":[{"href":"https:\/\/my-greenstyle.com\/en\/wp-json\/wp\/v2\/types\/post"}],"author":[{"embeddable":true,"href":"https:\/\/my-greenstyle.com\/en\/wp-json\/wp\/v2\/users\/2"}],"replies":[{"embeddable":true,"href":"https:\/\/my-greenstyle.com\/en\/wp-json\/wp\/v2\/comments?post=3074"}],"version-history":[{"count":7,"href":"https:\/\/my-greenstyle.com\/en\/wp-json\/wp\/v2\/posts\/3074\/revisions"}],"predecessor-version":[{"id":3678,"href":"https:\/\/my-greenstyle.com\/en\/wp-json\/wp\/v2\/posts\/3074\/revisions\/3678"}],"wp:featuredmedia":[{"embeddable":true,"href":"https:\/\/my-greenstyle.com\/en\/wp-json\/wp\/v2\/media\/2784"}],"wp:attachment":[{"href":"https:\/\/my-greenstyle.com\/en\/wp-json\/wp\/v2\/media?parent=3074"}],"wp:term":[{"taxonomy":"category","embeddable":true,"href":"https:\/\/my-greenstyle.com\/en\/wp-json\/wp\/v2\/categories?post=3074"},{"taxonomy":"post_tag","embeddable":true,"href":"https:\/\/my-greenstyle.com\/en\/wp-json\/wp\/v2\/tags?post=3074"}],"curies":[{"name":"wp","href":"https:\/\/api.w.org\/{rel}","templated":true}]}}