{"id":6789,"date":"2017-01-16T21:04:32","date_gmt":"2017-01-16T20:04:32","guid":{"rendered":"http:\/\/my-greenstyle.com\/?p=6789\/"},"modified":"2017-03-15T11:58:56","modified_gmt":"2017-03-15T10:58:56","slug":"berlin-fashion-week-diary-x-my-greenstyle","status":"publish","type":"post","link":"https:\/\/my-greenstyle.com\/en\/berlin-fashion-week-diary-x-my-greenstyle\/","title":{"rendered":"Berlin Fashion Week Diary x my-GREENstyle"},"content":{"rendered":"<h2>Welcome to the Berlin Fashion Week Diary<\/h2>\n<p>The suitcases are packed and everything is ready. My flight is today at 11.30 clock. I sincerely hope that there is no delay due to Snowchaos &amp; Co. because I have to go directly from the airport to the Kronprinzenpalais to the ZEITmagazin x VOGUE conference. I do not want to miss <strong>Livia Firth<\/strong>! #crossonesfingers<\/p>\n<p>What you can look forward to in the next few days, you can see <a href=\"https:\/\/my-greenstyle.com\/en\/fashion-week-berlin-reviews-hw-1718\/\" target=\"_blank\">here<\/a><\/p>\n<h2><span id=\"result_box\" class=\"\" lang=\"en\"><span title=\"\u2192 Mittwoch, 18. Januar - Fashion Week HW 17\/18 \">\u2192 Wednesday, January 18 &#8211; Fashion Week AW 17\/18<\/span><\/span><span id=\"result_box\" class=\"\" lang=\"en\"><\/span><br \/>\n<span id=\"result_box\" class=\"\" lang=\"en\"><\/span><\/h2>\n<h4><span style=\"color: #008000;\"><strong><span id=\"result_box\" class=\"\" lang=\"en\" tabindex=\"-1\"><span class=\"\">Berliner Mode Salon \u2013 <span title=\"Berliner Mode Salon \u2013 Gruppenausstellung \">Group Exhibition<\/span><\/span><\/span><\/strong><\/span><span id=\"result_box\" class=\"\" lang=\"en\"><\/span><br \/>\n<span id=\"result_box\" class=\"\" lang=\"en\"><\/span><\/h4>\n<p><span id=\"result_box\" class=\"\" lang=\"en\"><span title=\"Wenn der Berliner Mode Salon ins Kronprinzenpalais l\u00e4dt, trifft sich die Creme de la Creme der Modebranche.\">When the Berliner Mode Salon invites you to the <strong>Kronprinzenpalais<\/strong>, the Creme de la Creme of the fashion industry <\/span><\/span><span id=\"result_box\" class=\"\" lang=\"en\"><span title=\"Wenn der Berliner Mode Salon ins Kronprinzenpalais l\u00e4dt, trifft sich die Creme de la Creme der Modebranche.\">meets<\/span><\/span><span id=\"result_box\" class=\"\" lang=\"en\"><span title=\"Wenn der Berliner Mode Salon ins Kronprinzenpalais l\u00e4dt, trifft sich die Creme de la Creme der Modebranche.\">. <\/span><span title=\"Hier wird deutsches Modedesign gefeiert.\">German fashion design is celebrated here. <\/span><span title=\"Und zwar zu Recht.\">And rightly so. <\/span><span title=\"Warum wir Deutschen eigentlich nie sagen k\u00f6nnen, dass wir gut sind, dass wir gro\u00dfartige Talente haben, dass hier Mode gemacht wird, die wirklich, wirklich gro\u00dfartig ist?\">Why can\u00b4t we <\/span><\/span><span id=\"result_box\" class=\"\" lang=\"en\"><span title=\"Warum wir Deutschen eigentlich nie sagen k\u00f6nnen, dass wir gut sind, dass wir gro\u00dfartige Talente haben, dass hier Mode gemacht wird, die wirklich, wirklich gro\u00dfartig ist?\">Germans <\/span><\/span><span id=\"result_box\" class=\"\" lang=\"en\"><span title=\"Warum wir Deutschen eigentlich nie sagen k\u00f6nnen, dass wir gut sind, dass wir gro\u00dfartige Talente haben, dass hier Mode gemacht wird, die wirklich, wirklich gro\u00dfartig ist?\">ever say that we are good, that we have great talents, that fashion is made here is really, really great? <\/span><span title=\"Wir haben Mode, die sich nicht verstecken muss.\">We have fashion that does not have to hide. <\/span><span title=\"Wir haben Mode, die ins internationale Rampenlicht geh\u00f6rt.\">We have fashion that belongs to the<strong> international spotlight<\/strong>. <\/span><span title=\"Und das findet eben zwei mal j\u00e4hrlich w\u00e4hrend der Berlin Fashion Week im Kronprinzenpalais statt.\">And this takes place twice a year during the Berlin Fashion Week in the Kronprinzenpalais. <\/span><span title=\"Hier werden die Kollektionen von u.a.\">Here the collections of <\/span><span title=\"William Fan (Bild), Lala Berlin, Nobi Talaibund all den anderen wunderbaren deutschen Designern gefeiert.\">William Fan (picture), Lala Berlin, Nobi Talaibund and all the other wonderful German designersare celebrated. <\/span><span title=\"Und zwar so, wie sie es verdient haben.\">And as they deserve it. <\/span><span title=\"Daumen hoch f\u00fcr die deutsche Mode! \">Thumbs up for <strong>German fashion<\/strong>!<br \/>\n<\/span><\/span><\/p>\n<div id=\"attachment_6851\" style=\"width: 860px\" class=\"wp-caption alignnone\"><img aria-describedby=\"caption-attachment-6851\" loading=\"lazy\" class=\"size-large wp-image-6851\" src=\"https:\/\/my-greenstyle.com\/wp-content\/uploads\/2017\/01\/Modesalon-850x850.jpg\" alt=\"Fashion Week Diary\" width=\"850\" height=\"850\" srcset=\"https:\/\/my-greenstyle.com\/wp-content\/uploads\/2017\/01\/Modesalon-850x850.jpg 850w, https:\/\/my-greenstyle.com\/wp-content\/uploads\/2017\/01\/Modesalon-300x300.jpg 300w, https:\/\/my-greenstyle.com\/wp-content\/uploads\/2017\/01\/Modesalon-100x100.jpg 100w, https:\/\/my-greenstyle.com\/wp-content\/uploads\/2017\/01\/Modesalon-600x600.jpg 600w, https:\/\/my-greenstyle.com\/wp-content\/uploads\/2017\/01\/Modesalon-150x150.jpg 150w, https:\/\/my-greenstyle.com\/wp-content\/uploads\/2017\/01\/Modesalon-400x400.jpg 400w, https:\/\/my-greenstyle.com\/wp-content\/uploads\/2017\/01\/Modesalon.jpg 1500w\" sizes=\"(max-width: 850px) 100vw, 850px\" \/><p id=\"caption-attachment-6851\" class=\"wp-caption-text\">Best of Germany: German fashion art<\/p><\/div>\n<h4><span style=\"color: #008000;\">Rebekka Ruetz \u2013 <strong>Backstage<\/strong><\/span><\/h4>\n<p><span id=\"result_box\" class=\"\" lang=\"en\"><span title=\"Bin gespannt, wie die Kollektion, die ich schon auf der Kleiderstange bewundern durfte, in live aussieht \"><span title=\"Gleich startet die Fashion Show von Rebekka Ruetz.\">The <strong>fashion show<\/strong> of Rebekka Ruetz is about to start. <\/span><span title=\"Ich habe die letzte Stunde hinter den Kulissen verbracht und Backstage den Hair- und Makeup-Artists \u00fcber die Schulter geschaut.\">I spent the last hour backstage and watched the <strong>hair<\/strong> and <strong>makeup artists<\/strong>. <\/span><span title=\"Immer wieder \u00fcberraschend, was auf kleinstem Raum und unter enormen Zeitdruck alles m\u00f6glich ist.\">Surprisingly, everything is possible in the smallest space and under enormous time pressure. <\/span><span title=\"Congrats, Rebekka!\"><strong>Congrats, Rebekka!<\/strong> <\/span><span title=\"Das ist mal wieder ein gewohnt cooler Look!\">This is a cool look again! <\/span>I am curious how the collection, which I already admired on the clothes rod, looks in live<\/span><\/span><br \/>\n<span id=\"result_box\" class=\"\" lang=\"en\"><\/span><\/p>\n<div id=\"attachment_6843\" style=\"width: 860px\" class=\"wp-caption alignnone\"><img aria-describedby=\"caption-attachment-6843\" loading=\"lazy\" class=\"size-large wp-image-6843\" src=\"https:\/\/my-greenstyle.com\/wp-content\/uploads\/2017\/01\/Rebekka-Ruetz-850x850.jpg\" alt=\"Fashion Week Diary\" width=\"850\" height=\"850\" srcset=\"https:\/\/my-greenstyle.com\/wp-content\/uploads\/2017\/01\/Rebekka-Ruetz-850x850.jpg 850w, https:\/\/my-greenstyle.com\/wp-content\/uploads\/2017\/01\/Rebekka-Ruetz-300x300.jpg 300w, https:\/\/my-greenstyle.com\/wp-content\/uploads\/2017\/01\/Rebekka-Ruetz-100x100.jpg 100w, https:\/\/my-greenstyle.com\/wp-content\/uploads\/2017\/01\/Rebekka-Ruetz-600x600.jpg 600w, https:\/\/my-greenstyle.com\/wp-content\/uploads\/2017\/01\/Rebekka-Ruetz-150x150.jpg 150w, https:\/\/my-greenstyle.com\/wp-content\/uploads\/2017\/01\/Rebekka-Ruetz-400x400.jpg 400w, https:\/\/my-greenstyle.com\/wp-content\/uploads\/2017\/01\/Rebekka-Ruetz.jpg 1500w\" sizes=\"(max-width: 850px) 100vw, 850px\" \/><p id=\"caption-attachment-6843\" class=\"wp-caption-text\">Makeup by Rebekka Ruetz<\/p><\/div>\n<h4><span style=\"color: #008000;\">Philomena Zanetti \u2013 Runwayshow<\/span><span id=\"result_box\" class=\"\" lang=\"en\"><\/span><br \/>\n<span id=\"result_box\" class=\"\" lang=\"en\"><\/span><\/h4>\n<p><span id=\"result_box\" class=\"\" lang=\"en\"><span title=\"Die erste Show des Tages ist eines meiner Fashion Week Highlights - Julia Leifert zeigt die Herbst Winter Kollektion ihres Labels Philomena Zanetti.\">The first show of the day is one of my <strong>Fashion Week highlights<\/strong> &#8211; Julia Leifert shows the autumn winter collection of her label Philomena Zanetti. <\/span><span title=\"Anstelle der blassen Sorbetfarben aus dem Sommer zeigt sie f\u00fcr die neue Saison satte Herbstt\u00f6ne von Rostbraun bis Gr\u00fcn.\">Instead of the pale sorbet colors from the summer, she will show rich autumn colors from rust brown to green. <\/span><span title=\"Meine Lieblingskombi?\">My favorite combo? <\/span><span title=\"Der plissierte Korsagenlook in Nachtblau! \">The pleated <strong>corsage look<\/strong> in night blue!<br \/>\n<\/span><\/span><\/p>\n<div id=\"attachment_6839\" style=\"width: 860px\" class=\"wp-caption alignnone\"><img aria-describedby=\"caption-attachment-6839\" loading=\"lazy\" class=\"size-large wp-image-6839\" src=\"https:\/\/my-greenstyle.com\/wp-content\/uploads\/2017\/01\/Philomena_Zanetti-850x850.jpg\" alt=\"\" width=\"850\" height=\"850\" srcset=\"https:\/\/my-greenstyle.com\/wp-content\/uploads\/2017\/01\/Philomena_Zanetti-850x850.jpg 850w, https:\/\/my-greenstyle.com\/wp-content\/uploads\/2017\/01\/Philomena_Zanetti-300x300.jpg 300w, https:\/\/my-greenstyle.com\/wp-content\/uploads\/2017\/01\/Philomena_Zanetti-100x100.jpg 100w, https:\/\/my-greenstyle.com\/wp-content\/uploads\/2017\/01\/Philomena_Zanetti-600x600.jpg 600w, https:\/\/my-greenstyle.com\/wp-content\/uploads\/2017\/01\/Philomena_Zanetti-150x150.jpg 150w, https:\/\/my-greenstyle.com\/wp-content\/uploads\/2017\/01\/Philomena_Zanetti-400x400.jpg 400w, https:\/\/my-greenstyle.com\/wp-content\/uploads\/2017\/01\/Philomena_Zanetti.jpg 1500w\" sizes=\"(max-width: 850px) 100vw, 850px\" \/><p id=\"caption-attachment-6839\" class=\"wp-caption-text\"><br \/>Unfortunately, no top picture, but the look is all the more fantastic<\/p><\/div>\n<h2>\u2192 Tuesday, January 17 &#8211; Fashion Week AW 17\/18<\/h2>\n<h4><span style=\"color: #008000;\"><strong><span id=\"result_box\" class=\"\" lang=\"en\" tabindex=\"-1\"><span class=\"\">Department Store Jandorf \u2013 The Shop<\/span><\/span><\/strong><\/span><\/h4>\n<p><span class=\"\" lang=\"en\" tabindex=\"-1\"><span class=\"\">Short trip to <strong>Mitte<\/strong>: Here I wanted to look at the <strong>new end-consumer-action<\/strong> at the Fashion Week.<\/span> <span class=\"\">The Shop is a new idea to connect the German designers better with their buyers.<\/span> From now on, selected pieces can be bought in the show location of <strong>Department St<\/strong><span id=\"result_box\" class=\"\" lang=\"en\" tabindex=\"-1\"><strong>ore Jandorf<\/strong>. <span class=\"\">With it: Hien Le, Perret Schaad, Steinrohner etc.<\/span><\/span><\/span><\/p>\n<div id=\"attachment_6828\" style=\"width: 860px\" class=\"wp-caption alignnone\"><img aria-describedby=\"caption-attachment-6828\" loading=\"lazy\" class=\"size-large wp-image-6828\" src=\"https:\/\/my-greenstyle.com\/wp-content\/uploads\/2017\/01\/Jandorf-850x850.jpg\" alt=\"Fashion Week Diary\" width=\"850\" height=\"850\" srcset=\"https:\/\/my-greenstyle.com\/wp-content\/uploads\/2017\/01\/Jandorf-850x850.jpg 850w, https:\/\/my-greenstyle.com\/wp-content\/uploads\/2017\/01\/Jandorf-300x300.jpg 300w, https:\/\/my-greenstyle.com\/wp-content\/uploads\/2017\/01\/Jandorf-100x100.jpg 100w, https:\/\/my-greenstyle.com\/wp-content\/uploads\/2017\/01\/Jandorf-600x600.jpg 600w, https:\/\/my-greenstyle.com\/wp-content\/uploads\/2017\/01\/Jandorf-150x150.jpg 150w, https:\/\/my-greenstyle.com\/wp-content\/uploads\/2017\/01\/Jandorf-400x400.jpg 400w, https:\/\/my-greenstyle.com\/wp-content\/uploads\/2017\/01\/Jandorf.jpg 1500w\" sizes=\"(max-width: 850px) 100vw, 850px\" \/><p id=\"caption-attachment-6828\" class=\"wp-caption-text\">The new location in Mitte: Department Store Jandorf<\/p><\/div>\n<h4><span style=\"color: #008000;\"><strong>Elsien Gringhuis \u2013 Intervie<\/strong>w<\/span><\/h4>\n<p><span id=\"result_box\" class=\"\" lang=\"en\" tabindex=\"-1\"><span class=\"\">Firstly, I now finally know how to pronounce her name correctly and secondly, that she is not only an insane great designer, but also<strong> incredibly sympathetic<\/strong>.<\/span> Her clean and clever looks are great. <span class=\"\">Sustainable fashion needed a few <strong>more &#8220;Elsiens&#8221;<\/strong>.<\/span> Thank you again for the interview &#8211; we take the photo after we both slept better ..<\/span><\/p>\n<div id=\"attachment_6830\" style=\"width: 860px\" class=\"wp-caption alignnone\"><img aria-describedby=\"caption-attachment-6830\" loading=\"lazy\" class=\"size-large wp-image-6830\" src=\"https:\/\/my-greenstyle.com\/wp-content\/uploads\/2017\/01\/ElsienGringhuis-850x850.jpg\" alt=\"Fashion Week Diary\" width=\"850\" height=\"850\" srcset=\"https:\/\/my-greenstyle.com\/wp-content\/uploads\/2017\/01\/ElsienGringhuis-850x850.jpg 850w, https:\/\/my-greenstyle.com\/wp-content\/uploads\/2017\/01\/ElsienGringhuis-300x300.jpg 300w, https:\/\/my-greenstyle.com\/wp-content\/uploads\/2017\/01\/ElsienGringhuis-100x100.jpg 100w, https:\/\/my-greenstyle.com\/wp-content\/uploads\/2017\/01\/ElsienGringhuis-600x600.jpg 600w, https:\/\/my-greenstyle.com\/wp-content\/uploads\/2017\/01\/ElsienGringhuis-150x150.jpg 150w, https:\/\/my-greenstyle.com\/wp-content\/uploads\/2017\/01\/ElsienGringhuis-400x400.jpg 400w, https:\/\/my-greenstyle.com\/wp-content\/uploads\/2017\/01\/ElsienGringhuis.jpg 1500w\" sizes=\"(max-width: 850px) 100vw, 850px\" \/><p id=\"caption-attachment-6830\" class=\"wp-caption-text\">The stand of Elsien Gringhuis in Berlin<\/p><\/div>\n<h4><span style=\"color: #008000;\">PrePeek x Greenshowroom \u2013 Event<\/span><\/h4>\n<p><span id=\"result_box\" class=\"\" lang=\"en\" tabindex=\"-1\">Great idea: <strong>Pola<\/strong> and <strong>Thekla<\/strong>, the two Kleiderei girls from Hamburg, have just launched the <strong>PrePeek<\/strong> at the<strong> Greenshowroom<\/strong> and the <strong>Ethical Fashion Show<\/strong>. A top opportunity <\/span><span id=\"result_box\" class=\"\" lang=\"en\" tabindex=\"-1\">to bring <\/span><span id=\"result_box\" class=\"\" lang=\"en\" tabindex=\"-1\">manufacturer together with bloggers and influentials. Sustainable labels can pass part sof the collection and bloggers have the possibility to organize a small shooting with it. <strong>Works great!<\/strong> <span class=\"\">And the interest from both sides is huge!<\/span> <span class=\"\">Thanks for the great action!<\/span><\/span><\/p>\n<div id=\"attachment_6821\" style=\"width: 860px\" class=\"wp-caption alignnone\"><img aria-describedby=\"caption-attachment-6821\" loading=\"lazy\" class=\"wp-image-6821 size-large\" src=\"https:\/\/my-greenstyle.com\/wp-content\/uploads\/2017\/01\/PrePeak-850x850.jpg\" alt=\"Fashion Weak Diary\" width=\"850\" height=\"850\" srcset=\"https:\/\/my-greenstyle.com\/wp-content\/uploads\/2017\/01\/PrePeak-850x850.jpg 850w, https:\/\/my-greenstyle.com\/wp-content\/uploads\/2017\/01\/PrePeak-300x300.jpg 300w, https:\/\/my-greenstyle.com\/wp-content\/uploads\/2017\/01\/PrePeak-100x100.jpg 100w, https:\/\/my-greenstyle.com\/wp-content\/uploads\/2017\/01\/PrePeak-600x600.jpg 600w, https:\/\/my-greenstyle.com\/wp-content\/uploads\/2017\/01\/PrePeak-150x150.jpg 150w, https:\/\/my-greenstyle.com\/wp-content\/uploads\/2017\/01\/PrePeak-400x400.jpg 400w, https:\/\/my-greenstyle.com\/wp-content\/uploads\/2017\/01\/PrePeak.jpg 1500w\" sizes=\"(max-width: 850px) 100vw, 850px\" \/><p id=\"caption-attachment-6821\" class=\"wp-caption-text\">Bloggers can organize shootings with sustainable clothes<\/p><\/div>\n<h4><span style=\"color: #008000;\">Maria Seifert \u2013 Interview<\/span><\/h4>\n<p><span id=\"result_box\" class=\"\" lang=\"en\" tabindex=\"-1\">We&#8217;ve emailed X times, sent things back and forth and so on. <span class=\"\">Today I finally got to know the designer from Leipzig personally.<\/span> <span class=\"\">Maria has a fantastic collection for autumn \/ winter in the luggage.<\/span> My favorite piece? The yellow A-line skirt of woolen felt. <span class=\"\">It&#8217;s due next fall!<\/span><\/span><\/p>\n<div id=\"attachment_6817\" style=\"width: 860px\" class=\"wp-caption alignnone\"><img aria-describedby=\"caption-attachment-6817\" loading=\"lazy\" class=\"size-large wp-image-6817\" src=\"https:\/\/my-greenstyle.com\/wp-content\/uploads\/2017\/01\/Maria_Seifert-850x850.jpg\" alt=\"Fashion Week Diary\" width=\"850\" height=\"850\" srcset=\"https:\/\/my-greenstyle.com\/wp-content\/uploads\/2017\/01\/Maria_Seifert-850x850.jpg 850w, https:\/\/my-greenstyle.com\/wp-content\/uploads\/2017\/01\/Maria_Seifert-300x300.jpg 300w, https:\/\/my-greenstyle.com\/wp-content\/uploads\/2017\/01\/Maria_Seifert-100x100.jpg 100w, https:\/\/my-greenstyle.com\/wp-content\/uploads\/2017\/01\/Maria_Seifert-600x600.jpg 600w, https:\/\/my-greenstyle.com\/wp-content\/uploads\/2017\/01\/Maria_Seifert-150x150.jpg 150w, https:\/\/my-greenstyle.com\/wp-content\/uploads\/2017\/01\/Maria_Seifert-400x400.jpg 400w\" sizes=\"(max-width: 850px) 100vw, 850px\" \/><p id=\"caption-attachment-6817\" class=\"wp-caption-text\">And it goes on&#8230;<\/p><\/div>\n<h4><span style=\"color: #008000;\">Johanna Riplinger \u2013 Interview<\/span><\/h4>\n<p><span id=\"result_box\" class=\"\" lang=\"en\">Perfection in Unperfection &#8211; Johanna Riplinger leaves the natural space in her <strong>super-feminine dream collections<\/strong>. <span class=\"\">Nature is everywhere with her &#8211; her airy and fragrant dresses are dyed with plant colors.<\/span> <span class=\"\">My favorite?<\/span> <span class=\"\">The temple blooms, which &#8211; if they have served &#8211; are collected before Indian temples and processed to fantastic colors.<\/span> <span class=\"\">Fairly sustainable, right?<\/span><\/span><\/p>\n<div id=\"attachment_6812\" style=\"width: 860px\" class=\"wp-caption alignnone\"><img aria-describedby=\"caption-attachment-6812\" loading=\"lazy\" class=\"size-large wp-image-6812\" src=\"https:\/\/my-greenstyle.com\/wp-content\/uploads\/2017\/01\/Johanna-RiplingerInterview-850x850.jpg\" alt=\"Fashion Week Diary\" width=\"850\" height=\"850\" srcset=\"https:\/\/my-greenstyle.com\/wp-content\/uploads\/2017\/01\/Johanna-RiplingerInterview-850x850.jpg 850w, https:\/\/my-greenstyle.com\/wp-content\/uploads\/2017\/01\/Johanna-RiplingerInterview-300x300.jpg 300w, https:\/\/my-greenstyle.com\/wp-content\/uploads\/2017\/01\/Johanna-RiplingerInterview-100x100.jpg 100w, https:\/\/my-greenstyle.com\/wp-content\/uploads\/2017\/01\/Johanna-RiplingerInterview-600x600.jpg 600w, https:\/\/my-greenstyle.com\/wp-content\/uploads\/2017\/01\/Johanna-RiplingerInterview-150x150.jpg 150w, https:\/\/my-greenstyle.com\/wp-content\/uploads\/2017\/01\/Johanna-RiplingerInterview-400x400.jpg 400w, https:\/\/my-greenstyle.com\/wp-content\/uploads\/2017\/01\/Johanna-RiplingerInterview.jpg 1500w\" sizes=\"(max-width: 850px) 100vw, 850px\" \/><p id=\"caption-attachment-6812\" class=\"wp-caption-text\">Luxury dreams with plant color<\/p><\/div>\n<p><span id=\"result_box\" class=\"\" lang=\"en\">The <strong>Fashion Week<\/strong> has officially started and I am waiting for my first interview with <strong>Johanna Riplinger<\/strong>. I got to know the smart German-American last year and fell in love with her dreamlike collection. Her passion? <span class=\"\">Plant colors &#8230;.<\/span><\/span><\/p>\n<div id=\"attachment_6802\" style=\"width: 860px\" class=\"wp-caption alignnone\"><img aria-describedby=\"caption-attachment-6802\" loading=\"lazy\" class=\"size-large wp-image-6802\" src=\"https:\/\/my-greenstyle.com\/wp-content\/uploads\/2017\/01\/Johanna-Riplinger-850x850.jpg\" alt=\"Fashion Week Diary\" width=\"850\" height=\"850\" srcset=\"https:\/\/my-greenstyle.com\/wp-content\/uploads\/2017\/01\/Johanna-Riplinger-850x850.jpg 850w, https:\/\/my-greenstyle.com\/wp-content\/uploads\/2017\/01\/Johanna-Riplinger-300x300.jpg 300w, https:\/\/my-greenstyle.com\/wp-content\/uploads\/2017\/01\/Johanna-Riplinger-100x100.jpg 100w, https:\/\/my-greenstyle.com\/wp-content\/uploads\/2017\/01\/Johanna-Riplinger-600x600.jpg 600w, https:\/\/my-greenstyle.com\/wp-content\/uploads\/2017\/01\/Johanna-Riplinger-150x150.jpg 150w, https:\/\/my-greenstyle.com\/wp-content\/uploads\/2017\/01\/Johanna-Riplinger-400x400.jpg 400w, https:\/\/my-greenstyle.com\/wp-content\/uploads\/2017\/01\/Johanna-Riplinger.jpg 1500w\" sizes=\"(max-width: 850px) 100vw, 850px\" \/><p id=\"caption-attachment-6802\" class=\"wp-caption-text\">The interview with Johanna Riplinger starts immediately<\/p><\/div>\n<h2>\u2192 Monday, January 16 &#8211; Fashion Week AW 17\/18<\/h2>\n<h4><span style=\"color: #008000;\">ZEITmagazin x VOGUE \u2013 Conference<\/span><\/h4>\n<p><span id=\"result_box\" class=\"\" lang=\"en\">The best in the morning is a lovely, great coffee. Even better &#8211; to post a photo of <strong>Livia Firth<\/strong>. I am still incredibly impressed by this personality. <span class=\"\">The inventor of the Greencarpetchallenge is just two years older than me and has moved so incredibly much.<\/span> <span class=\"\">Her consulting company Eco Age is now ten years and no less than Tom Ford, Valentino, Chopard and Co. let them inspire about her enthusiasm.<\/span> <span class=\"\">I have brought lots of quotes from Livia Firth from the <strong>ZEITmagazin x VOGUE conference<\/strong>.<\/span> <span class=\"\">As an appetizer, there&#8217;s already one here: <strong>&#8220;Sustainability must be sexy!&#8221;<\/strong><\/span><\/span><\/p>\n<div id=\"attachment_6798\" style=\"width: 860px\" class=\"wp-caption alignnone\"><img aria-describedby=\"caption-attachment-6798\" loading=\"lazy\" class=\"size-large wp-image-6798\" src=\"https:\/\/my-greenstyle.com\/wp-content\/uploads\/2017\/01\/Livia-Firth-850x850.jpg\" alt=\"Fashion Week Diary\" width=\"850\" height=\"850\" srcset=\"https:\/\/my-greenstyle.com\/wp-content\/uploads\/2017\/01\/Livia-Firth-850x850.jpg 850w, https:\/\/my-greenstyle.com\/wp-content\/uploads\/2017\/01\/Livia-Firth-300x300.jpg 300w, https:\/\/my-greenstyle.com\/wp-content\/uploads\/2017\/01\/Livia-Firth-100x100.jpg 100w, https:\/\/my-greenstyle.com\/wp-content\/uploads\/2017\/01\/Livia-Firth-600x600.jpg 600w, https:\/\/my-greenstyle.com\/wp-content\/uploads\/2017\/01\/Livia-Firth-150x150.jpg 150w, https:\/\/my-greenstyle.com\/wp-content\/uploads\/2017\/01\/Livia-Firth-400x400.jpg 400w, https:\/\/my-greenstyle.com\/wp-content\/uploads\/2017\/01\/Livia-Firth.jpg 1500w\" sizes=\"(max-width: 850px) 100vw, 850px\" \/><p id=\"caption-attachment-6798\" class=\"wp-caption-text\">Livia Firth very close!!!<\/p><\/div>\n<p><strong>Christian Felske<\/strong> of SEAT and the Berlin fashion designer <strong>William Fan<\/strong> talked on <strong>&#8220;Evolution of Design&#8221;<\/strong>. I was impressed by the extremely sustainable attitude of the young designer (right). With statements like &#8220;I would like to build a <strong>constant wardrobe<\/strong>&#8221; and &#8220;You can not always get involved with the industry, I wonder if I can not take a bit out there &#8230;&#8221; he hit the nail on the head. I would like to hear a lot more about this &#8230; On the screen, his <strong>live design<\/strong> for the Car designer can be seen.<\/p>\n<div id=\"attachment_6782\" style=\"width: 860px\" class=\"wp-caption alignnone\"><img aria-describedby=\"caption-attachment-6782\" loading=\"lazy\" class=\"wp-image-6782 size-large\" src=\"https:\/\/my-greenstyle.com\/wp-content\/uploads\/2017\/01\/ZeitxVogue1-850x850.jpg\" alt=\"Diary\" width=\"850\" height=\"850\" srcset=\"https:\/\/my-greenstyle.com\/wp-content\/uploads\/2017\/01\/ZeitxVogue1-850x850.jpg 850w, https:\/\/my-greenstyle.com\/wp-content\/uploads\/2017\/01\/ZeitxVogue1-300x300.jpg 300w, https:\/\/my-greenstyle.com\/wp-content\/uploads\/2017\/01\/ZeitxVogue1-100x100.jpg 100w, https:\/\/my-greenstyle.com\/wp-content\/uploads\/2017\/01\/ZeitxVogue1-600x600.jpg 600w, https:\/\/my-greenstyle.com\/wp-content\/uploads\/2017\/01\/ZeitxVogue1-150x150.jpg 150w, https:\/\/my-greenstyle.com\/wp-content\/uploads\/2017\/01\/ZeitxVogue1-400x400.jpg 400w, https:\/\/my-greenstyle.com\/wp-content\/uploads\/2017\/01\/ZeitxVogue1.jpg 1200w\" sizes=\"(max-width: 850px) 100vw, 850px\" \/><p id=\"caption-attachment-6782\" class=\"wp-caption-text\">Christian Felske of SEAT and the Berlin fashion designer William Fan<\/p><\/div>\n<p>Unfortunately not personally on site, but via Skype was connected <strong>Pierpaolo Ferrari<\/strong> from the <strong>Toiletpapermagazine<\/strong>. And maybe that was better. This is how we got a little insight into his surreal studio in Milan and got to know the studio cat &#8216;M&#8217;. Great: his Frog Burger Sweater. A must see &#8211; his <a href=\"http:\/\/www.pierpaoloferrari.com\/\" target=\"_blank\">website<\/a> is the creative insanity! And on Instagram <a href=\"https:\/\/www.instagram.com\/mygreenstylecom\/\" target=\"_blank\">@mygreenstylecom<\/a> there&#8217;s the latest video!<\/p>\n<div id=\"attachment_6775\" style=\"width: 860px\" class=\"wp-caption alignnone\"><img aria-describedby=\"caption-attachment-6775\" loading=\"lazy\" class=\"wp-image-6775 size-large\" src=\"https:\/\/my-greenstyle.com\/wp-content\/uploads\/2017\/01\/ZeitxVogue-850x850.jpg\" alt=\"Diary\" width=\"850\" height=\"850\" srcset=\"https:\/\/my-greenstyle.com\/wp-content\/uploads\/2017\/01\/ZeitxVogue-850x850.jpg 850w, https:\/\/my-greenstyle.com\/wp-content\/uploads\/2017\/01\/ZeitxVogue-300x300.jpg 300w, https:\/\/my-greenstyle.com\/wp-content\/uploads\/2017\/01\/ZeitxVogue-100x100.jpg 100w, https:\/\/my-greenstyle.com\/wp-content\/uploads\/2017\/01\/ZeitxVogue-600x600.jpg 600w, https:\/\/my-greenstyle.com\/wp-content\/uploads\/2017\/01\/ZeitxVogue-150x150.jpg 150w, https:\/\/my-greenstyle.com\/wp-content\/uploads\/2017\/01\/ZeitxVogue-400x400.jpg 400w, https:\/\/my-greenstyle.com\/wp-content\/uploads\/2017\/01\/ZeitxVogue.jpg 1200w\" sizes=\"(max-width: 850px) 100vw, 850px\" \/><p id=\"caption-attachment-6775\" class=\"wp-caption-text\">Pierpaolo Ferrari at the ZEITmagazin x VOGUE conference<\/p><\/div>\n","protected":false},"excerpt":{"rendered":"<p>Welcome to the Berlin Fashion Week Diary The suitcases are packed and everything is ready. My flight is today at 11.30 clock. I sincerely hope that there is no delay due to Snowchaos &amp; Co. because I have to go directly from the airport to the Kronprinzenpalais to the ZEITmagazin x VOGUE conference. I do [&hellip;]<\/p>\n","protected":false},"author":2,"featured_media":6880,"comment_status":"open","ping_status":"open","sticky":false,"template":"","format":"standard","meta":[],"categories":[1026,497],"tags":[1158,1132,1148,1149,1152,1159,1160,1065,523],"acf":[],"yoast_head":"<!-- This site is optimized with the Yoast SEO plugin v16.7 - https:\/\/yoast.com\/wordpress\/plugins\/seo\/ -->\n<title>Berlin Fashion Week Diary x my-GREENstyle - my-GREENstyle<\/title>\n<meta name=\"description\" content=\"In the Berlin Fashion Week Diary there are daily short posts - from the shows, backstage, the collections, the events and all other exciting things\" \/>\n<meta name=\"robots\" content=\"index, follow, max-snippet:-1, max-image-preview:large, max-video-preview:-1\" \/>\n<link rel=\"canonical\" href=\"https:\/\/my-greenstyle.com\/en\/berlin-fashion-week-diary-x-my-greenstyle\/\" \/>\n<meta property=\"og:locale\" content=\"en_US\" \/>\n<meta property=\"og:type\" content=\"article\" \/>\n<meta property=\"og:title\" content=\"Berlin Fashion Week Diary x my-GREENstyle - my-GREENstyle\" \/>\n<meta property=\"og:description\" content=\"In the Berlin Fashion Week Diary there are daily short posts - from the shows, backstage, the collections, the events and all other exciting things\" \/>\n<meta property=\"og:url\" content=\"https:\/\/my-greenstyle.com\/en\/berlin-fashion-week-diary-x-my-greenstyle\/\" \/>\n<meta property=\"og:site_name\" content=\"my-GREENstyle\" \/>\n<meta property=\"article:publisher\" content=\"https:\/\/www.facebook.com\/mygreenstylecom\" \/>\n<meta property=\"article:published_time\" content=\"2017-01-16T20:04:32+00:00\" \/>\n<meta property=\"article:modified_time\" content=\"2017-03-15T10:58:56+00:00\" \/>\n<meta property=\"og:image\" content=\"https:\/\/my-greenstyle.com\/wp-content\/uploads\/2017\/01\/Salonshow.jpg\" \/>\n\t<meta property=\"og:image:width\" content=\"2000\" \/>\n\t<meta property=\"og:image:height\" content=\"1500\" \/>\n<meta name=\"twitter:card\" content=\"summary\" \/>\n<meta name=\"twitter:label1\" content=\"Written by\" \/>\n\t<meta name=\"twitter:data1\" content=\"Mirjam Smend\" \/>\n\t<meta name=\"twitter:label2\" content=\"Est. reading time\" \/>\n\t<meta name=\"twitter:data2\" content=\"6 minutes\" \/>\n<script type=\"application\/ld+json\" class=\"yoast-schema-graph\">{\"@context\":\"https:\/\/schema.org\",\"@graph\":[{\"@type\":\"WebSite\",\"@id\":\"https:\/\/my-greenstyle.com\/en\/#website\",\"url\":\"https:\/\/my-greenstyle.com\/en\/\",\"name\":\"my-GREENstyle\",\"description\":\"Eine weitere WordPress-Seite\",\"potentialAction\":[{\"@type\":\"SearchAction\",\"target\":{\"@type\":\"EntryPoint\",\"urlTemplate\":\"https:\/\/my-greenstyle.com\/en\/?s={search_term_string}\"},\"query-input\":\"required name=search_term_string\"}],\"inLanguage\":\"en-US\"},{\"@type\":\"ImageObject\",\"@id\":\"https:\/\/my-greenstyle.com\/en\/berlin-fashion-week-diary-x-my-greenstyle\/#primaryimage\",\"inLanguage\":\"en-US\",\"url\":\"https:\/\/my-greenstyle.com\/wp-content\/uploads\/2017\/01\/Salonshow.jpg\",\"contentUrl\":\"https:\/\/my-greenstyle.com\/wp-content\/uploads\/2017\/01\/Salonshow.jpg\",\"width\":2000,\"height\":1500},{\"@type\":\"WebPage\",\"@id\":\"https:\/\/my-greenstyle.com\/en\/berlin-fashion-week-diary-x-my-greenstyle\/#webpage\",\"url\":\"https:\/\/my-greenstyle.com\/en\/berlin-fashion-week-diary-x-my-greenstyle\/\",\"name\":\"Berlin Fashion Week Diary x my-GREENstyle - my-GREENstyle\",\"isPartOf\":{\"@id\":\"https:\/\/my-greenstyle.com\/en\/#website\"},\"primaryImageOfPage\":{\"@id\":\"https:\/\/my-greenstyle.com\/en\/berlin-fashion-week-diary-x-my-greenstyle\/#primaryimage\"},\"datePublished\":\"2017-01-16T20:04:32+00:00\",\"dateModified\":\"2017-03-15T10:58:56+00:00\",\"author\":{\"@id\":\"https:\/\/my-greenstyle.com\/en\/#\/schema\/person\/2d0a020d74298edd124f8ef1969885c4\"},\"description\":\"In the Berlin Fashion Week Diary there are daily short posts - from the shows, backstage, the collections, the events and all other exciting things\",\"breadcrumb\":{\"@id\":\"https:\/\/my-greenstyle.com\/en\/berlin-fashion-week-diary-x-my-greenstyle\/#breadcrumb\"},\"inLanguage\":\"en-US\",\"potentialAction\":[{\"@type\":\"ReadAction\",\"target\":[\"https:\/\/my-greenstyle.com\/en\/berlin-fashion-week-diary-x-my-greenstyle\/\"]}]},{\"@type\":\"BreadcrumbList\",\"@id\":\"https:\/\/my-greenstyle.com\/en\/berlin-fashion-week-diary-x-my-greenstyle\/#breadcrumb\",\"itemListElement\":[{\"@type\":\"ListItem\",\"position\":1,\"name\":\"Home\",\"item\":\"https:\/\/my-greenstyle.com\/en\/\"},{\"@type\":\"ListItem\",\"position\":2,\"name\":\"Berlin Fashion Week Diary x my-GREENstyle\"}]},{\"@type\":\"Person\",\"@id\":\"https:\/\/my-greenstyle.com\/en\/#\/schema\/person\/2d0a020d74298edd124f8ef1969885c4\",\"name\":\"Mirjam Smend\",\"image\":{\"@type\":\"ImageObject\",\"@id\":\"https:\/\/my-greenstyle.com\/en\/#personlogo\",\"inLanguage\":\"en-US\",\"url\":\"https:\/\/secure.gravatar.com\/avatar\/8b837db10ab66e0a39107244829d09d2?s=96&d=mm&r=g\",\"contentUrl\":\"https:\/\/secure.gravatar.com\/avatar\/8b837db10ab66e0a39107244829d09d2?s=96&d=mm&r=g\",\"caption\":\"Mirjam Smend\"},\"url\":\"https:\/\/my-greenstyle.com\/en\/author\/mirijam\/\"}]}<\/script>\n<!-- \/ Yoast SEO plugin. -->","yoast_head_json":{"title":"Berlin Fashion Week Diary x my-GREENstyle - my-GREENstyle","description":"In the Berlin Fashion Week Diary there are daily short posts - from the shows, backstage, the collections, the events and all other exciting things","robots":{"index":"index","follow":"follow","max-snippet":"max-snippet:-1","max-image-preview":"max-image-preview:large","max-video-preview":"max-video-preview:-1"},"canonical":"https:\/\/my-greenstyle.com\/en\/berlin-fashion-week-diary-x-my-greenstyle\/","og_locale":"en_US","og_type":"article","og_title":"Berlin Fashion Week Diary x my-GREENstyle - my-GREENstyle","og_description":"In the Berlin Fashion Week Diary there are daily short posts - from the shows, backstage, the collections, the events and all other exciting things","og_url":"https:\/\/my-greenstyle.com\/en\/berlin-fashion-week-diary-x-my-greenstyle\/","og_site_name":"my-GREENstyle","article_publisher":"https:\/\/www.facebook.com\/mygreenstylecom","article_published_time":"2017-01-16T20:04:32+00:00","article_modified_time":"2017-03-15T10:58:56+00:00","og_image":[{"width":2000,"height":1500,"url":"https:\/\/my-greenstyle.com\/wp-content\/uploads\/2017\/01\/Salonshow.jpg","path":"\/homepages\/22\/d609430457\/htdocs\/my-greenstyle\/wp-content\/uploads\/2017\/01\/Salonshow.jpg","size":"full","id":6880,"alt":"","pixels":3000000,"type":"image\/jpeg"}],"twitter_card":"summary","twitter_misc":{"Written by":"Mirjam Smend","Est. reading time":"6 minutes"},"schema":{"@context":"https:\/\/schema.org","@graph":[{"@type":"WebSite","@id":"https:\/\/my-greenstyle.com\/en\/#website","url":"https:\/\/my-greenstyle.com\/en\/","name":"my-GREENstyle","description":"Eine weitere WordPress-Seite","potentialAction":[{"@type":"SearchAction","target":{"@type":"EntryPoint","urlTemplate":"https:\/\/my-greenstyle.com\/en\/?s={search_term_string}"},"query-input":"required name=search_term_string"}],"inLanguage":"en-US"},{"@type":"ImageObject","@id":"https:\/\/my-greenstyle.com\/en\/berlin-fashion-week-diary-x-my-greenstyle\/#primaryimage","inLanguage":"en-US","url":"https:\/\/my-greenstyle.com\/wp-content\/uploads\/2017\/01\/Salonshow.jpg","contentUrl":"https:\/\/my-greenstyle.com\/wp-content\/uploads\/2017\/01\/Salonshow.jpg","width":2000,"height":1500},{"@type":"WebPage","@id":"https:\/\/my-greenstyle.com\/en\/berlin-fashion-week-diary-x-my-greenstyle\/#webpage","url":"https:\/\/my-greenstyle.com\/en\/berlin-fashion-week-diary-x-my-greenstyle\/","name":"Berlin Fashion Week Diary x my-GREENstyle - my-GREENstyle","isPartOf":{"@id":"https:\/\/my-greenstyle.com\/en\/#website"},"primaryImageOfPage":{"@id":"https:\/\/my-greenstyle.com\/en\/berlin-fashion-week-diary-x-my-greenstyle\/#primaryimage"},"datePublished":"2017-01-16T20:04:32+00:00","dateModified":"2017-03-15T10:58:56+00:00","author":{"@id":"https:\/\/my-greenstyle.com\/en\/#\/schema\/person\/2d0a020d74298edd124f8ef1969885c4"},"description":"In the Berlin Fashion Week Diary there are daily short posts - from the shows, backstage, the collections, the events and all other exciting things","breadcrumb":{"@id":"https:\/\/my-greenstyle.com\/en\/berlin-fashion-week-diary-x-my-greenstyle\/#breadcrumb"},"inLanguage":"en-US","potentialAction":[{"@type":"ReadAction","target":["https:\/\/my-greenstyle.com\/en\/berlin-fashion-week-diary-x-my-greenstyle\/"]}]},{"@type":"BreadcrumbList","@id":"https:\/\/my-greenstyle.com\/en\/berlin-fashion-week-diary-x-my-greenstyle\/#breadcrumb","itemListElement":[{"@type":"ListItem","position":1,"name":"Home","item":"https:\/\/my-greenstyle.com\/en\/"},{"@type":"ListItem","position":2,"name":"Berlin Fashion Week Diary x my-GREENstyle"}]},{"@type":"Person","@id":"https:\/\/my-greenstyle.com\/en\/#\/schema\/person\/2d0a020d74298edd124f8ef1969885c4","name":"Mirjam Smend","image":{"@type":"ImageObject","@id":"https:\/\/my-greenstyle.com\/en\/#personlogo","inLanguage":"en-US","url":"https:\/\/secure.gravatar.com\/avatar\/8b837db10ab66e0a39107244829d09d2?s=96&d=mm&r=g","contentUrl":"https:\/\/secure.gravatar.com\/avatar\/8b837db10ab66e0a39107244829d09d2?s=96&d=mm&r=g","caption":"Mirjam Smend"},"url":"https:\/\/my-greenstyle.com\/en\/author\/mirijam\/"}]}},"_links":{"self":[{"href":"https:\/\/my-greenstyle.com\/en\/wp-json\/wp\/v2\/posts\/6789"}],"collection":[{"href":"https:\/\/my-greenstyle.com\/en\/wp-json\/wp\/v2\/posts"}],"about":[{"href":"https:\/\/my-greenstyle.com\/en\/wp-json\/wp\/v2\/types\/post"}],"author":[{"embeddable":true,"href":"https:\/\/my-greenstyle.com\/en\/wp-json\/wp\/v2\/users\/2"}],"replies":[{"embeddable":true,"href":"https:\/\/my-greenstyle.com\/en\/wp-json\/wp\/v2\/comments?post=6789"}],"version-history":[{"count":14,"href":"https:\/\/my-greenstyle.com\/en\/wp-json\/wp\/v2\/posts\/6789\/revisions"}],"predecessor-version":[{"id":6856,"href":"https:\/\/my-greenstyle.com\/en\/wp-json\/wp\/v2\/posts\/6789\/revisions\/6856"}],"wp:featuredmedia":[{"embeddable":true,"href":"https:\/\/my-greenstyle.com\/en\/wp-json\/wp\/v2\/media\/6880"}],"wp:attachment":[{"href":"https:\/\/my-greenstyle.com\/en\/wp-json\/wp\/v2\/media?parent=6789"}],"wp:term":[{"taxonomy":"category","embeddable":true,"href":"https:\/\/my-greenstyle.com\/en\/wp-json\/wp\/v2\/categories?post=6789"},{"taxonomy":"post_tag","embeddable":true,"href":"https:\/\/my-greenstyle.com\/en\/wp-json\/wp\/v2\/tags?post=6789"}],"curies":[{"name":"wp","href":"https:\/\/api.w.org\/{rel}","templated":true}]}}