{"id":7609,"date":"2017-03-07T10:29:49","date_gmt":"2017-03-07T09:29:49","guid":{"rendered":"http:\/\/my-greenstyle.com\/?p=7609\/"},"modified":"2017-03-15T11:51:06","modified_gmt":"2017-03-15T10:51:06","slug":"knitwear-queen-interview-with-karin-fraidenraij","status":"publish","type":"post","link":"https:\/\/my-greenstyle.com\/en\/knitwear-queen-interview-with-karin-fraidenraij\/","title":{"rendered":"Knitwear Queen &#8211; Interview with Karin Fraidenraij"},"content":{"rendered":"<p>The <strong>Knitwear-Darlings<\/strong> by Karin Fraidenraij can not be missed. The cuddly-soft knitting lovers of <strong>Lama and Alpaca wool<\/strong> with their great <strong>colors<\/strong>, with fresh <strong>stripes<\/strong> and cheeky <strong>fringes<\/strong> draw a magical spell. Relaxed <strong>ruffles<\/strong>, cozy warming <strong>capes<\/strong> and <strong>ponchos<\/strong>, overly long favorite pullies of undyed wool &#8230; And not to forget the pillow cases, lampshades &amp; Co. knitted with <strong>XL needle<\/strong> by hand. In short: I was already in love at the first contact with KARINFRAIDENRAIJ. And it is still.<\/p>\n<h4 style=\"text-align: center;\"><span style=\"color: #008000;\"><div class=\"su-quote su-quote-style-default\"><div class=\"su-quote-inner su-u-clearfix su-u-trim\">KARINFRAIDENRAIJ &#8211; stylish favorite of cozy knitwear <\/div><\/div><\/span><\/h4>\n<p>From the first moment it was clear that I did not met these favorite pieces for the last time. Meanwhile, I wrote a <a href=\"https:\/\/my-greenstyle.com\/en\/karinfraidenraij-knitwear-labelportrait\/\" target=\"_blank\">label portrait<\/a>, one of her <a href=\"https:\/\/my-greenstyle.com\/en\/office-outfit-mit-rock-my-greenstyle-look\/\" target=\"_blank\">striped sweaters<\/a> as an integral part of my <strong>fairfashion wardrobe<\/strong> and visited Karin&#8217;s wonderfully angry and incredibly cozy <strong>studio<\/strong> in <strong>Altschwabing.<\/strong> Here I first got a delicious Mate tea from her <strong>Argentine home<\/strong>. Whoever looks closely, the pattern of these sheets will also be found in her knit collections. And then we talked about dancing, modeling, knitting and of course about the sustainability of her collection.<\/p>\n<div id=\"attachment_7597\" style=\"width: 577px\" class=\"wp-caption aligncenter\"><img aria-describedby=\"caption-attachment-7597\" loading=\"lazy\" class=\"size-large wp-image-7597\" src=\"https:\/\/my-greenstyle.com\/wp-content\/uploads\/2017\/03\/Karin-Fraidenraij--567x850.jpg\" alt=\"Karin Fraidenraij\" width=\"567\" height=\"850\" srcset=\"https:\/\/my-greenstyle.com\/wp-content\/uploads\/2017\/03\/Karin-Fraidenraij--567x850.jpg 567w, https:\/\/my-greenstyle.com\/wp-content\/uploads\/2017\/03\/Karin-Fraidenraij--600x900.jpg 600w, https:\/\/my-greenstyle.com\/wp-content\/uploads\/2017\/03\/Karin-Fraidenraij--200x300.jpg 200w, https:\/\/my-greenstyle.com\/wp-content\/uploads\/2017\/03\/Karin-Fraidenraij-.jpg 1000w\" sizes=\"(max-width: 567px) 100vw, 567px\" \/><p id=\"caption-attachment-7597\" class=\"wp-caption-text\">Karin Fraidenraij<\/p><\/div>\n<h2>Karin Fraidenraij &#8211; talking to the Knitwear Queen<\/h2>\n<p><strong>my-GREENstyle:<\/strong> You have a <strong>dance education<\/strong> and have worked as a <strong>model<\/strong> &#8230;<br \/>\n<strong>Karin Fraidenraij:<\/strong> Since I was 12 years old I was doing <strong>free dance<\/strong>. At the dance school I started a group with friends. We have worked with <strong>artists<\/strong> and made our <strong>costumes<\/strong> ourselves. At that time, shortly after the military regime, the underground in Buenos Aires was high. There was no more censorship and I loved to live out my <strong>creativity<\/strong>. At the same time I worked as a model.<\/p>\n<p><strong>my-GREENstyle:<\/strong> How did it come to your decision to study fashion at the <strong>AMD<\/strong>?<br \/>\n<strong>Karin Fraidenraij:<\/strong> I got to know my husband in Argentina. Two years after the wedding, we moved to his <strong>German home<\/strong>. Here I quickly got <strong>modeljobs<\/strong> at Ella Singh, Escada &amp; Co., I traveled a lot. But I wanted to make something creative again. And I love fashion. So I came to the <strong>AMD<\/strong> in Munich.<\/p>\n<p><strong>my-GREENstyle:<\/strong> At that time you already had your son &#8230;<br \/>\n<strong>Karin Fraidenraij:<\/strong> Yes, I took him to the <strong>kindergarden<\/strong> in the morning and I went to study. In the afternoon we did his <strong>homeworks<\/strong>. In the evenings and at the weekend, I set about my duties for my <strong>studies<\/strong>. I could not have done it without the <strong>support<\/strong> of my husband. That was quite a lot. But I am very <strong>ambitious<\/strong> and I could and did not want to take a break.<\/p>\n<div id=\"attachment_7598\" style=\"width: 577px\" class=\"wp-caption aligncenter\"><img aria-describedby=\"caption-attachment-7598\" loading=\"lazy\" class=\"wp-image-7598 size-large\" src=\"https:\/\/my-greenstyle.com\/wp-content\/uploads\/2017\/03\/Karin-Fraidenraij-Atelier-567x850.jpg\" alt=\"Karin Fraidenraij\" width=\"567\" height=\"850\" srcset=\"https:\/\/my-greenstyle.com\/wp-content\/uploads\/2017\/03\/Karin-Fraidenraij-Atelier-567x850.jpg 567w, https:\/\/my-greenstyle.com\/wp-content\/uploads\/2017\/03\/Karin-Fraidenraij-Atelier-600x900.jpg 600w, https:\/\/my-greenstyle.com\/wp-content\/uploads\/2017\/03\/Karin-Fraidenraij-Atelier-200x300.jpg 200w, https:\/\/my-greenstyle.com\/wp-content\/uploads\/2017\/03\/Karin-Fraidenraij-Atelier.jpg 1000w\" sizes=\"(max-width: 567px) 100vw, 567px\" \/><p id=\"caption-attachment-7598\" class=\"wp-caption-text\">Cuddly favorite pieces of Lama and Alpaca wool<\/p><\/div>\n<p><strong>my-GREENstyle:<\/strong> You have a <strong>knitting label<\/strong> with dreamlike favorite pieces. How did you got the idea to concentrate on <strong>knitting<\/strong>?<br \/>\n<strong>Karin Fraidenraij:<\/strong> As a dancer I love <strong>elastic fabrics.<\/strong> For my diploma thesis with the theme &#8220;Heimat&#8221; I then took the <strong>Lama and Alpaka wool<\/strong>, which is traditional in South America. This material was not so well known in Germany, although it has <strong>fantastic features<\/strong>. It is little allergenic and thanks to the long hair of the lama pillows the wool hardly. One of my favorite films is &#8220;In the Mood for Love&#8221; by <strong>Wong Kar-Wai.<\/strong> And so I have linked the <strong>materials<\/strong> <strong>from South America<\/strong> with <strong>Asian-inspired cuts<\/strong>. The result was my final collection <strong>&#8220;La Cruz del Sur&#8221;<\/strong>.<\/p>\n<h4 style=\"text-align: center;\"><span style=\"color: #008000;\"><div class=\"su-quote su-quote-style-default\"><div class=\"su-quote-inner su-u-clearfix su-u-trim\">Knit has to do with nets and connections. With security. <\/div><\/div><\/span><\/h4>\n<p><strong>my-GREENstyle:<\/strong> And when did you decide to start a <strong>label<\/strong>?<br \/>\n<strong>Karin Fraidenraij:<\/strong> To continue the idea with this collection I already had at the <strong>AMD<\/strong>. There I also designed the logo. At first I called &#8220;La Cruz del Sur&#8221;. But the name has existed so often. And because these particularly long, composited German words have made me so enthusiastic, I renamed the label in <strong>KARINFRAIDENRAIJ<\/strong>.<\/p>\n<div id=\"attachment_7602\" style=\"width: 577px\" class=\"wp-caption aligncenter\"><img aria-describedby=\"caption-attachment-7602\" loading=\"lazy\" class=\"size-large wp-image-7602\" src=\"https:\/\/my-greenstyle.com\/wp-content\/uploads\/2017\/03\/Karin-Fraidenraij-Look-567x850.jpg\" alt=\"Karin Fraidenraij\" width=\"567\" height=\"850\" srcset=\"https:\/\/my-greenstyle.com\/wp-content\/uploads\/2017\/03\/Karin-Fraidenraij-Look-567x850.jpg 567w, https:\/\/my-greenstyle.com\/wp-content\/uploads\/2017\/03\/Karin-Fraidenraij-Look-600x900.jpg 600w, https:\/\/my-greenstyle.com\/wp-content\/uploads\/2017\/03\/Karin-Fraidenraij-Look-200x300.jpg 200w, https:\/\/my-greenstyle.com\/wp-content\/uploads\/2017\/03\/Karin-Fraidenraij-Look.jpg 1000w\" sizes=\"(max-width: 567px) 100vw, 567px\" \/><p id=\"caption-attachment-7602\" class=\"wp-caption-text\">Each piece is a work of art of knitting<\/p><\/div>\n<p><strong>my-GREENstyle:<\/strong> How would you describe your<strong> label<\/strong> in two to three sentences?<br \/>\n<strong>Karin Fraidenraij:<\/strong> I process luxury yarn into a mix of <strong>Japanese-South American-European silhouettes.<\/strong> I always try to find a center with my designs. Make the best of everything to a <strong>new whole<\/strong>. I combine the beauty from South America with the clean chic from Germany and the special Asian cutting techniques like the wide kimono sleeves. A so to speak<strong> global collection.<\/strong><\/p>\n<h4 style=\"text-align: center;\"><span style=\"color: #008000;\"><div class=\"su-quote su-quote-style-default\"><div class=\"su-quote-inner su-u-clearfix su-u-trim\">Artful mix of Japanese-South American-European silhouettes <\/div><\/div><\/span><\/h4>\n<p><strong>my-GREENstyle:<\/strong> What does <strong>sustainability<\/strong> mean to you?<br \/>\n<strong>Karin Fraidenraij:<\/strong> Sustainability is quite natural for me as a <strong>South American<\/strong>. In South America everything is more <strong>organic<\/strong>. The cows run freely. One is more concerned with <strong>nature<\/strong> and does not try to interfere with it. South America is not so overpopulated. You can drive for hours through the country and has only nature, nature, nature. Well <strong>I\u00b4m lucky<\/strong> to have such a home.<\/p>\n<div id=\"attachment_7600\" style=\"width: 577px\" class=\"wp-caption aligncenter\"><img aria-describedby=\"caption-attachment-7600\" loading=\"lazy\" class=\"size-large wp-image-7600\" src=\"https:\/\/my-greenstyle.com\/wp-content\/uploads\/2017\/03\/Karin-Fraidenraij-Details-567x850.jpg\" alt=\"Karin Fraidenraij\" width=\"567\" height=\"850\" srcset=\"https:\/\/my-greenstyle.com\/wp-content\/uploads\/2017\/03\/Karin-Fraidenraij-Details-567x850.jpg 567w, https:\/\/my-greenstyle.com\/wp-content\/uploads\/2017\/03\/Karin-Fraidenraij-Details-600x900.jpg 600w, https:\/\/my-greenstyle.com\/wp-content\/uploads\/2017\/03\/Karin-Fraidenraij-Details-200x300.jpg 200w, https:\/\/my-greenstyle.com\/wp-content\/uploads\/2017\/03\/Karin-Fraidenraij-Details.jpg 1000w\" sizes=\"(max-width: 567px) 100vw, 567px\" \/><p id=\"caption-attachment-7600\" class=\"wp-caption-text\">Here love is also in the detail<\/p><\/div>\n<h4 style=\"text-align: center;\"><span style=\"color: #008000;\"><div class=\"su-quote su-quote-style-default\"><div class=\"su-quote-inner su-u-clearfix su-u-trim\">In South America one is looking after nature and does not interfere with it so much <\/div><\/div><\/span><\/h4>\n<p><strong>my-GREENstyle:<\/strong> Was it clear from the beginning that you want to produce <strong>sustainable<\/strong>?<br \/>\n<strong>Karin Fraidenraij:<\/strong> The theme of knitting was first. But I found it great to integrate <strong>sustainability<\/strong>. <strong>Lama and Alpaca wool<\/strong> are natural materials. And it makes me very happy to work with <strong>women<\/strong> who get more independence through their jobs.<\/p>\n<p><strong>my-GREENstyle:<\/strong> And what does it look like?<br \/>\n<strong>Karin Fraidenraij: <\/strong>The people with whom I work <strong>recycle<\/strong> the water with which the wool was washed. The <strong>women<\/strong> I employ are allowed to bring their<strong> children<\/strong> to work. Or take the <strong>work home<\/strong> with them. There are so many ways to work fairly and sustainably.<strong><br \/>\n<\/strong><\/p>\n<h4 style=\"text-align: center;\"><span style=\"color: #008000;\"><div class=\"su-quote su-quote-style-default\"><div class=\"su-quote-inner su-u-clearfix su-u-trim\">Sustainability is a question of consciousness <\/div><\/div><\/span><\/h4>\n<p><strong>my-GREENstyle:<\/strong> What makes you personally a <strong>sustainable lifestyle<\/strong>?<br \/>\n<strong>Karin Fraidenraij:<\/strong> Sustainability is a question of <strong>consciousness.<\/strong> Everything is a consequence of one&#8217;s attitude. I love fashion. And I wear many parts from my <strong>own collection<\/strong>. But when I buy something, I think about exactly, whether I really need it. And I also pay attention to where the things come from.<\/p>\n<div id=\"attachment_7603\" style=\"width: 577px\" class=\"wp-caption aligncenter\"><img aria-describedby=\"caption-attachment-7603\" loading=\"lazy\" class=\"size-large wp-image-7603\" src=\"https:\/\/my-greenstyle.com\/wp-content\/uploads\/2017\/03\/Karin-Fraidenraij-Strick-567x850.jpg\" alt=\"Karin Fraidenraij\" width=\"567\" height=\"850\" srcset=\"https:\/\/my-greenstyle.com\/wp-content\/uploads\/2017\/03\/Karin-Fraidenraij-Strick-567x850.jpg 567w, https:\/\/my-greenstyle.com\/wp-content\/uploads\/2017\/03\/Karin-Fraidenraij-Strick-600x900.jpg 600w, https:\/\/my-greenstyle.com\/wp-content\/uploads\/2017\/03\/Karin-Fraidenraij-Strick-200x300.jpg 200w, https:\/\/my-greenstyle.com\/wp-content\/uploads\/2017\/03\/Karin-Fraidenraij-Strick.jpg 1000w\" sizes=\"(max-width: 567px) 100vw, 567px\" \/><p id=\"caption-attachment-7603\" class=\"wp-caption-text\">The hats wear the signature of the knitter<\/p><\/div>\n<p><strong>my-GREENstyle:<\/strong> What was the<strong> first piece<\/strong> you knitted yourself?<br \/>\n<strong>Karin Fraidenraij:<\/strong> I used to <strong>crochet<\/strong> with my <strong>grandmother<\/strong>. T-Shirts of cotton for the summer. Actually, this was the two quadrangles that were sewn together<\/p>\n<h4 style=\"text-align: center;\"><span style=\"color: #008000;\"><div class=\"su-quote su-quote-style-default\"><div class=\"su-quote-inner su-u-clearfix su-u-trim\">With my grandma I used to crochet T-Shirts <\/div><\/div><\/span><\/h4>\n<p><strong>my-GREENstyle:<\/strong> And the last one?<br \/>\n<strong>Karin Fraidenraij:<\/strong> For my label, I still make some parts myself. Lampshades, pullers for vases and some scarves. I do not think in techniques, <strong>I feel free<\/strong> and simply go to the topic. I <strong>try<\/strong> what I want, I <strong>experiment<\/strong> and I do things, others say that would not work. Everything is totally <strong>intuitive<\/strong>. And that comes on. Lots of favorite pieces with Japanese-South American-European silhouettes<\/p>\n<div id=\"attachment_7601\" style=\"width: 577px\" class=\"wp-caption aligncenter\"><img aria-describedby=\"caption-attachment-7601\" loading=\"lazy\" class=\"size-large wp-image-7601\" src=\"https:\/\/my-greenstyle.com\/wp-content\/uploads\/2017\/03\/Karin-Fraidenraij-Folder-567x850.jpg\" alt=\"Karin Fraidenraij\" width=\"567\" height=\"850\" srcset=\"https:\/\/my-greenstyle.com\/wp-content\/uploads\/2017\/03\/Karin-Fraidenraij-Folder-567x850.jpg 567w, https:\/\/my-greenstyle.com\/wp-content\/uploads\/2017\/03\/Karin-Fraidenraij-Folder-600x900.jpg 600w, https:\/\/my-greenstyle.com\/wp-content\/uploads\/2017\/03\/Karin-Fraidenraij-Folder-200x300.jpg 200w, https:\/\/my-greenstyle.com\/wp-content\/uploads\/2017\/03\/Karin-Fraidenraij-Folder.jpg 1000w\" sizes=\"(max-width: 567px) 100vw, 567px\" \/><p id=\"caption-attachment-7601\" class=\"wp-caption-text\">Lauter Lieblingsst\u00fccke mit mit japanisch-s\u00fcdamerikanisch-europ\u00e4ischen Silhouetten<\/p><\/div>\n<p><strong>my-GREENstyle:<\/strong> Meanwhile, you also have a wonderful <strong>Living collection<\/strong>. What is next on your <strong>agenda<\/strong>?<br \/>\n<strong>Karin Fraidenraij:<\/strong> I always have <strong>new ideas<\/strong>. Now I&#8217;ll do something with very <strong>thick wool<\/strong>.<\/p>\n<p><strong>my-GREENstyle:<\/strong> Where do you see your label in<strong> ten years<\/strong>?<br \/>\n<strong>Karin Fraidenraij:<\/strong> My collection is now also in <strong>Japan<\/strong>. Tokyo fascinates me incomprehensibly. During my time as a dancer I was already there. The street is a real catwalk. And I am very<strong> proud<\/strong> that my things are there. I am very happy when my things are in a place I like. Perhaps they are in ten years in my home in<strong> South America.<\/strong><\/p>\n<p>Buy items from KARINFRAIDENRAIJ <a href=\"http:\/\/partners.webmasterplan.com\/click.aspx?ref=795431&amp;site=13391&amp;type=text&amp;tnb=8&amp;diurl=https%3A%2F%2Fwww.glore.de%2FMarken%2FKarinfraidenraij%2F\" target=\"_blank\">online<\/a><br \/>\n<img loading=\"lazy\" src=\"http:\/\/banners.webmasterplan.com\/view.aspx?ref=795431&amp;site=13391&amp;type=text&amp;tnb=8\" width=\"1\" height=\"1\" border=\"0\" \/><br \/>\n<!-- END PARTNER PROGRAM --><\/p>\n","protected":false},"excerpt":{"rendered":"<p>The Knitwear-Darlings by Karin Fraidenraij can not be missed. The cuddly-soft knitting lovers of Lama and Alpaca wool with their great colors, with fresh stripes and cheeky fringes draw a magical spell. Relaxed ruffles, cozy warming capes and ponchos, overly long favorite pullies of undyed wool &#8230; And not to forget the pillow cases, lampshades [&hellip;]<\/p>\n","protected":false},"author":2,"featured_media":11011,"comment_status":"open","ping_status":"open","sticky":false,"template":"","format":"standard","meta":[],"categories":[497],"tags":[1111,1112,1113,1114],"acf":[],"yoast_head":"<!-- This site is optimized with the Yoast SEO plugin v16.7 - https:\/\/yoast.com\/wordpress\/plugins\/seo\/ -->\n<title>Knitwear Queen - Interview with Karin Fraidenraij - my-GREENstyle<\/title>\n<meta name=\"description\" content=\"Karin Fraidenraij produces favorite pieces of cuddly Lama and Alpaca wool. Sustainable and intuitive. My conversation with the Knitwear Queen\" \/>\n<meta name=\"robots\" content=\"index, follow, max-snippet:-1, max-image-preview:large, max-video-preview:-1\" \/>\n<link rel=\"canonical\" href=\"https:\/\/my-greenstyle.com\/en\/knitwear-queen-interview-with-karin-fraidenraij\/\" \/>\n<meta property=\"og:locale\" content=\"en_US\" \/>\n<meta property=\"og:type\" content=\"article\" \/>\n<meta property=\"og:title\" content=\"Knitwear Queen - Interview with Karin Fraidenraij - my-GREENstyle\" \/>\n<meta property=\"og:description\" content=\"Karin Fraidenraij produces favorite pieces of cuddly Lama and Alpaca wool. Sustainable and intuitive. My conversation with the Knitwear Queen\" \/>\n<meta property=\"og:url\" content=\"https:\/\/my-greenstyle.com\/en\/knitwear-queen-interview-with-karin-fraidenraij\/\" \/>\n<meta property=\"og:site_name\" content=\"my-GREENstyle\" \/>\n<meta property=\"article:publisher\" content=\"https:\/\/www.facebook.com\/mygreenstylecom\" \/>\n<meta property=\"article:published_time\" content=\"2017-03-07T09:29:49+00:00\" \/>\n<meta property=\"article:modified_time\" content=\"2017-03-15T10:51:06+00:00\" \/>\n<meta property=\"og:image\" content=\"https:\/\/my-greenstyle.com\/wp-content\/uploads\/2017\/03\/Karin-Fraidenraij-auf.jpg\" \/>\n\t<meta property=\"og:image:width\" content=\"1500\" \/>\n\t<meta property=\"og:image:height\" content=\"1500\" \/>\n<meta name=\"twitter:card\" content=\"summary\" \/>\n<meta name=\"twitter:label1\" content=\"Written by\" \/>\n\t<meta name=\"twitter:data1\" content=\"Mirjam Smend\" \/>\n\t<meta name=\"twitter:label2\" content=\"Est. reading time\" \/>\n\t<meta name=\"twitter:data2\" content=\"6 minutes\" \/>\n<script type=\"application\/ld+json\" class=\"yoast-schema-graph\">{\"@context\":\"https:\/\/schema.org\",\"@graph\":[{\"@type\":\"WebSite\",\"@id\":\"https:\/\/my-greenstyle.com\/en\/#website\",\"url\":\"https:\/\/my-greenstyle.com\/en\/\",\"name\":\"my-GREENstyle\",\"description\":\"Eine weitere WordPress-Seite\",\"potentialAction\":[{\"@type\":\"SearchAction\",\"target\":{\"@type\":\"EntryPoint\",\"urlTemplate\":\"https:\/\/my-greenstyle.com\/en\/?s={search_term_string}\"},\"query-input\":\"required name=search_term_string\"}],\"inLanguage\":\"en-US\"},{\"@type\":\"ImageObject\",\"@id\":\"https:\/\/my-greenstyle.com\/en\/knitwear-queen-interview-with-karin-fraidenraij\/#primaryimage\",\"inLanguage\":\"en-US\",\"url\":\"https:\/\/my-greenstyle.com\/wp-content\/uploads\/2017\/03\/Karin-Fraidenraij-auf.jpg\",\"contentUrl\":\"https:\/\/my-greenstyle.com\/wp-content\/uploads\/2017\/03\/Karin-Fraidenraij-auf.jpg\",\"width\":1500,\"height\":1500,\"caption\":\"Atelierbesuch bei der K\\u00f6nigin des Strick: Karin Fraidenraij\"},{\"@type\":\"WebPage\",\"@id\":\"https:\/\/my-greenstyle.com\/en\/knitwear-queen-interview-with-karin-fraidenraij\/#webpage\",\"url\":\"https:\/\/my-greenstyle.com\/en\/knitwear-queen-interview-with-karin-fraidenraij\/\",\"name\":\"Knitwear Queen - Interview with Karin Fraidenraij - my-GREENstyle\",\"isPartOf\":{\"@id\":\"https:\/\/my-greenstyle.com\/en\/#website\"},\"primaryImageOfPage\":{\"@id\":\"https:\/\/my-greenstyle.com\/en\/knitwear-queen-interview-with-karin-fraidenraij\/#primaryimage\"},\"datePublished\":\"2017-03-07T09:29:49+00:00\",\"dateModified\":\"2017-03-15T10:51:06+00:00\",\"author\":{\"@id\":\"https:\/\/my-greenstyle.com\/en\/#\/schema\/person\/2d0a020d74298edd124f8ef1969885c4\"},\"description\":\"Karin Fraidenraij produces favorite pieces of cuddly Lama and Alpaca wool. Sustainable and intuitive. My conversation with the Knitwear Queen\",\"breadcrumb\":{\"@id\":\"https:\/\/my-greenstyle.com\/en\/knitwear-queen-interview-with-karin-fraidenraij\/#breadcrumb\"},\"inLanguage\":\"en-US\",\"potentialAction\":[{\"@type\":\"ReadAction\",\"target\":[\"https:\/\/my-greenstyle.com\/en\/knitwear-queen-interview-with-karin-fraidenraij\/\"]}]},{\"@type\":\"BreadcrumbList\",\"@id\":\"https:\/\/my-greenstyle.com\/en\/knitwear-queen-interview-with-karin-fraidenraij\/#breadcrumb\",\"itemListElement\":[{\"@type\":\"ListItem\",\"position\":1,\"name\":\"Home\",\"item\":\"https:\/\/my-greenstyle.com\/en\/\"},{\"@type\":\"ListItem\",\"position\":2,\"name\":\"Knitwear Queen &#8211; Interview with Karin Fraidenraij\"}]},{\"@type\":\"Person\",\"@id\":\"https:\/\/my-greenstyle.com\/en\/#\/schema\/person\/2d0a020d74298edd124f8ef1969885c4\",\"name\":\"Mirjam Smend\",\"image\":{\"@type\":\"ImageObject\",\"@id\":\"https:\/\/my-greenstyle.com\/en\/#personlogo\",\"inLanguage\":\"en-US\",\"url\":\"https:\/\/secure.gravatar.com\/avatar\/8b837db10ab66e0a39107244829d09d2?s=96&d=mm&r=g\",\"contentUrl\":\"https:\/\/secure.gravatar.com\/avatar\/8b837db10ab66e0a39107244829d09d2?s=96&d=mm&r=g\",\"caption\":\"Mirjam Smend\"},\"url\":\"https:\/\/my-greenstyle.com\/en\/author\/mirijam\/\"}]}<\/script>\n<!-- \/ Yoast SEO plugin. -->","yoast_head_json":{"title":"Knitwear Queen - Interview with Karin Fraidenraij - my-GREENstyle","description":"Karin Fraidenraij produces favorite pieces of cuddly Lama and Alpaca wool. Sustainable and intuitive. My conversation with the Knitwear Queen","robots":{"index":"index","follow":"follow","max-snippet":"max-snippet:-1","max-image-preview":"max-image-preview:large","max-video-preview":"max-video-preview:-1"},"canonical":"https:\/\/my-greenstyle.com\/en\/knitwear-queen-interview-with-karin-fraidenraij\/","og_locale":"en_US","og_type":"article","og_title":"Knitwear Queen - Interview with Karin Fraidenraij - my-GREENstyle","og_description":"Karin Fraidenraij produces favorite pieces of cuddly Lama and Alpaca wool. Sustainable and intuitive. My conversation with the Knitwear Queen","og_url":"https:\/\/my-greenstyle.com\/en\/knitwear-queen-interview-with-karin-fraidenraij\/","og_site_name":"my-GREENstyle","article_publisher":"https:\/\/www.facebook.com\/mygreenstylecom","article_published_time":"2017-03-07T09:29:49+00:00","article_modified_time":"2017-03-15T10:51:06+00:00","og_image":[{"width":1500,"height":1500,"url":"https:\/\/my-greenstyle.com\/wp-content\/uploads\/2017\/03\/Karin-Fraidenraij-auf.jpg","path":"\/homepages\/22\/d609430457\/htdocs\/my-greenstyle\/wp-content\/uploads\/2017\/03\/Karin-Fraidenraij-auf.jpg","size":"full","id":11011,"alt":"","pixels":2250000,"type":"image\/jpeg"}],"twitter_card":"summary","twitter_misc":{"Written by":"Mirjam Smend","Est. reading time":"6 minutes"},"schema":{"@context":"https:\/\/schema.org","@graph":[{"@type":"WebSite","@id":"https:\/\/my-greenstyle.com\/en\/#website","url":"https:\/\/my-greenstyle.com\/en\/","name":"my-GREENstyle","description":"Eine weitere WordPress-Seite","potentialAction":[{"@type":"SearchAction","target":{"@type":"EntryPoint","urlTemplate":"https:\/\/my-greenstyle.com\/en\/?s={search_term_string}"},"query-input":"required name=search_term_string"}],"inLanguage":"en-US"},{"@type":"ImageObject","@id":"https:\/\/my-greenstyle.com\/en\/knitwear-queen-interview-with-karin-fraidenraij\/#primaryimage","inLanguage":"en-US","url":"https:\/\/my-greenstyle.com\/wp-content\/uploads\/2017\/03\/Karin-Fraidenraij-auf.jpg","contentUrl":"https:\/\/my-greenstyle.com\/wp-content\/uploads\/2017\/03\/Karin-Fraidenraij-auf.jpg","width":1500,"height":1500,"caption":"Atelierbesuch bei der K\u00f6nigin des Strick: Karin Fraidenraij"},{"@type":"WebPage","@id":"https:\/\/my-greenstyle.com\/en\/knitwear-queen-interview-with-karin-fraidenraij\/#webpage","url":"https:\/\/my-greenstyle.com\/en\/knitwear-queen-interview-with-karin-fraidenraij\/","name":"Knitwear Queen - Interview with Karin Fraidenraij - my-GREENstyle","isPartOf":{"@id":"https:\/\/my-greenstyle.com\/en\/#website"},"primaryImageOfPage":{"@id":"https:\/\/my-greenstyle.com\/en\/knitwear-queen-interview-with-karin-fraidenraij\/#primaryimage"},"datePublished":"2017-03-07T09:29:49+00:00","dateModified":"2017-03-15T10:51:06+00:00","author":{"@id":"https:\/\/my-greenstyle.com\/en\/#\/schema\/person\/2d0a020d74298edd124f8ef1969885c4"},"description":"Karin Fraidenraij produces favorite pieces of cuddly Lama and Alpaca wool. Sustainable and intuitive. My conversation with the Knitwear Queen","breadcrumb":{"@id":"https:\/\/my-greenstyle.com\/en\/knitwear-queen-interview-with-karin-fraidenraij\/#breadcrumb"},"inLanguage":"en-US","potentialAction":[{"@type":"ReadAction","target":["https:\/\/my-greenstyle.com\/en\/knitwear-queen-interview-with-karin-fraidenraij\/"]}]},{"@type":"BreadcrumbList","@id":"https:\/\/my-greenstyle.com\/en\/knitwear-queen-interview-with-karin-fraidenraij\/#breadcrumb","itemListElement":[{"@type":"ListItem","position":1,"name":"Home","item":"https:\/\/my-greenstyle.com\/en\/"},{"@type":"ListItem","position":2,"name":"Knitwear Queen &#8211; Interview with Karin Fraidenraij"}]},{"@type":"Person","@id":"https:\/\/my-greenstyle.com\/en\/#\/schema\/person\/2d0a020d74298edd124f8ef1969885c4","name":"Mirjam Smend","image":{"@type":"ImageObject","@id":"https:\/\/my-greenstyle.com\/en\/#personlogo","inLanguage":"en-US","url":"https:\/\/secure.gravatar.com\/avatar\/8b837db10ab66e0a39107244829d09d2?s=96&d=mm&r=g","contentUrl":"https:\/\/secure.gravatar.com\/avatar\/8b837db10ab66e0a39107244829d09d2?s=96&d=mm&r=g","caption":"Mirjam Smend"},"url":"https:\/\/my-greenstyle.com\/en\/author\/mirijam\/"}]}},"_links":{"self":[{"href":"https:\/\/my-greenstyle.com\/en\/wp-json\/wp\/v2\/posts\/7609"}],"collection":[{"href":"https:\/\/my-greenstyle.com\/en\/wp-json\/wp\/v2\/posts"}],"about":[{"href":"https:\/\/my-greenstyle.com\/en\/wp-json\/wp\/v2\/types\/post"}],"author":[{"embeddable":true,"href":"https:\/\/my-greenstyle.com\/en\/wp-json\/wp\/v2\/users\/2"}],"replies":[{"embeddable":true,"href":"https:\/\/my-greenstyle.com\/en\/wp-json\/wp\/v2\/comments?post=7609"}],"version-history":[{"count":5,"href":"https:\/\/my-greenstyle.com\/en\/wp-json\/wp\/v2\/posts\/7609\/revisions"}],"predecessor-version":[{"id":7622,"href":"https:\/\/my-greenstyle.com\/en\/wp-json\/wp\/v2\/posts\/7609\/revisions\/7622"}],"wp:featuredmedia":[{"embeddable":true,"href":"https:\/\/my-greenstyle.com\/en\/wp-json\/wp\/v2\/media\/11011"}],"wp:attachment":[{"href":"https:\/\/my-greenstyle.com\/en\/wp-json\/wp\/v2\/media?parent=7609"}],"wp:term":[{"taxonomy":"category","embeddable":true,"href":"https:\/\/my-greenstyle.com\/en\/wp-json\/wp\/v2\/categories?post=7609"},{"taxonomy":"post_tag","embeddable":true,"href":"https:\/\/my-greenstyle.com\/en\/wp-json\/wp\/v2\/tags?post=7609"}],"curies":[{"name":"wp","href":"https:\/\/api.w.org\/{rel}","templated":true}]}}