 
{"id":7768,"date":"2017-03-23T21:25:17","date_gmt":"2017-03-23T20:25:17","guid":{"rendered":"http:\/\/my-greenstyle.com\/?p=7768\/"},"modified":"2017-03-29T11:05:44","modified_gmt":"2017-03-29T09:05:44","slug":"oekologisch-schlafen-matratzen-co","status":"publish","type":"post","link":"https:\/\/my-greenstyle.com\/en\/oekologisch-schlafen-matratzen-co\/","title":{"rendered":"Eco sleep &#8211; Mattresses &#038; Co."},"content":{"rendered":"<p>Some time ago, I have invested in a very, very expensive <strong>matresse<\/strong>, because I thought, the short time, which leaves me every day to <strong>sleep<\/strong>, I also want to be celestial. I<strong> LOVE<\/strong> my mattress and actually have nowhere else ever slept so well as <strong>at home<\/strong>. But also my two <strong>daughters<\/strong> found out. They see it just like me &#8211; and end up night after night in our <strong>marriage bed<\/strong>.<\/p>\n<p>How I met <a href=\"https:\/\/www.yumeko.de\/\" target=\"_blank\">Yumeko<\/a>: During the Munich Press Open, I paid a visit to the<strong> Sweet Communication<\/strong> agency. Unsuspecting I had a look at the new collections of <a href=\"https:\/\/my-greenstyle.com\/en\/armedangels-labelportraet-ueber-den-robin-hood-der-mode\/\" target=\"_blank\">Armedangels<\/a>, <a href=\"https:\/\/my-greenstyle.com\/en\/organic-yoga-essentials\/\" target=\"_blank\">Mandala<\/a> &amp; Co. and suddenly it was in front of me. The bed. Big. <strong>Friendly<\/strong>. Inviting. And that is exactly what happened: I was invited to sit down. What can I say? It was <strong>wonderful<\/strong>! The first bed is as comfortable as my own. Had I been left alone for three minutes, in all the <strong>airy-fragrant cuddle pillow<\/strong>s &#8211; I would probably have been there the next morning. <strong>Still slumbering<\/strong> &#8230;<\/p>\n<h4 style=\"text-align: center;\"><span style=\"color: #008000;\"><div class=\"su-quote su-quote-style-default\"><div class=\"su-quote-inner su-u-clearfix su-u-trim\">Change the world sleeping &#8211; ecological sleep thanks to Yumeko <\/div><\/div><\/span><\/h4>\n<div id=\"attachment_7761\" style=\"width: 860px\" class=\"wp-caption aligncenter\"><img aria-describedby=\"caption-attachment-7761\" loading=\"lazy\" class=\"size-large wp-image-7761\" src=\"https:\/\/my-greenstyle.com\/wp-content\/uploads\/2017\/03\/YUMEKO_PHE_Kupferbett_1-850x850.jpg\" alt=\"\u00d6kologisch schlafen\" width=\"850\" height=\"850\" srcset=\"https:\/\/my-greenstyle.com\/wp-content\/uploads\/2017\/03\/YUMEKO_PHE_Kupferbett_1-850x850.jpg 850w, https:\/\/my-greenstyle.com\/wp-content\/uploads\/2017\/03\/YUMEKO_PHE_Kupferbett_1-300x300.jpg 300w, https:\/\/my-greenstyle.com\/wp-content\/uploads\/2017\/03\/YUMEKO_PHE_Kupferbett_1-100x100.jpg 100w, https:\/\/my-greenstyle.com\/wp-content\/uploads\/2017\/03\/YUMEKO_PHE_Kupferbett_1-600x600.jpg 600w, https:\/\/my-greenstyle.com\/wp-content\/uploads\/2017\/03\/YUMEKO_PHE_Kupferbett_1-150x150.jpg 150w, https:\/\/my-greenstyle.com\/wp-content\/uploads\/2017\/03\/YUMEKO_PHE_Kupferbett_1-400x400.jpg 400w, https:\/\/my-greenstyle.com\/wp-content\/uploads\/2017\/03\/YUMEKO_PHE_Kupferbett_1.jpg 1500w\" sizes=\"(max-width: 850px) 100vw, 850px\" \/><p id=\"caption-attachment-7761\" class=\"wp-caption-text\">Copper bed from Yumeko<\/p><\/div>\n<p>Sure, I had to get to the bottom of the matter. What makes the <strong>certified<\/strong> and <strong>fair-produced<\/strong> natural latex and pocket spring mattresses (from 1050 euros), beds (from 2500 euros), bio bed covers (from 190 euros) and the heavenly bed linen (100 euros) from the <strong>Dutch label Yumeko<\/strong> so special? On what do you have to pay attention by the <strong>purchase of mattresses<\/strong>, what<strong> mistakes<\/strong> can be made? <strong>Stephan Zeijlemaker<\/strong>, founder of the sustainable label Yumeko, experienced <strong>matress expert<\/strong>, co-founder of <strong>War Child<\/strong> and board member of various foundations in the field of cooperation with <strong>developing countries<\/strong> and<strong> sustainability<\/strong>, answered my endless questions about ecol sleep.<\/p>\n<h2>Eco sleep: a conversation about mattresses<\/h2>\n<p><strong>my-GREENstyle:<\/strong> How did you get the idea to start <strong>Yumeko<\/strong>?<br \/>\n<strong>Stephan Zeijlemaker:<\/strong> Originally I come from the<strong> advertising industry<\/strong>. On my questions about their goals, all customers have repeatedly answered the same questions: We want to <strong>optimize our sales<\/strong>. However, without thinking about how their products are made. And from whom. And under what conditions. So I have come to the conclusion that this is a <strong>dead end for brands<\/strong> and above all for <strong>our planet.<\/strong><\/p>\n<h4 style=\"text-align: center;\"><span style=\"color: #008000;\"><div class=\"su-quote su-quote-style-default\"><div class=\"su-quote-inner su-u-clearfix su-u-trim\">Yumeko wants to make the world a little bit better in sleep <\/div><\/div><\/span><\/h4>\n<p>This was the moment when my partner <strong>Rob van den Dool<\/strong> and I started dreaming of a brand that pursues a <strong>different approach<\/strong>. The harmlessness of nothing and nobody who<strong> respects<\/strong> all involved persons and is <strong>involved<\/strong> in the profit: from the farmers to the animals and the workers in India to the rivers, the country, our employees and the customers. For this <strong>dream<\/strong>, Yumeko was established in <strong>2010<\/strong>.<\/p>\n<h4 style=\"text-align: center;\"><span style=\"color: #008000;\"><div class=\"su-quote su-quote-style-default\"><div class=\"su-quote-inner su-u-clearfix su-u-trim\">Why rest bad when you can sleep so ecologically<\/div><\/div><\/span><\/h4>\n<div id=\"attachment_7759\" style=\"width: 860px\" class=\"wp-caption aligncenter\"><img aria-describedby=\"caption-attachment-7759\" loading=\"lazy\" class=\"size-large wp-image-7759\" src=\"https:\/\/my-greenstyle.com\/wp-content\/uploads\/2017\/03\/YUMEKO_PHE_Holzbett_4-850x850.jpg\" alt=\"\u00d6kologisch schlafen\" width=\"850\" height=\"850\" srcset=\"https:\/\/my-greenstyle.com\/wp-content\/uploads\/2017\/03\/YUMEKO_PHE_Holzbett_4-850x850.jpg 850w, https:\/\/my-greenstyle.com\/wp-content\/uploads\/2017\/03\/YUMEKO_PHE_Holzbett_4-300x300.jpg 300w, https:\/\/my-greenstyle.com\/wp-content\/uploads\/2017\/03\/YUMEKO_PHE_Holzbett_4-100x100.jpg 100w, https:\/\/my-greenstyle.com\/wp-content\/uploads\/2017\/03\/YUMEKO_PHE_Holzbett_4-600x600.jpg 600w, https:\/\/my-greenstyle.com\/wp-content\/uploads\/2017\/03\/YUMEKO_PHE_Holzbett_4-150x150.jpg 150w, https:\/\/my-greenstyle.com\/wp-content\/uploads\/2017\/03\/YUMEKO_PHE_Holzbett_4-400x400.jpg 400w, https:\/\/my-greenstyle.com\/wp-content\/uploads\/2017\/03\/YUMEKO_PHE_Holzbett_4.jpg 1500w\" sizes=\"(max-width: 850px) 100vw, 850px\" \/><p id=\"caption-attachment-7759\" class=\"wp-caption-text\">A dream in green<\/p><\/div>\n<p><strong>my-GREENstyle:<\/strong> What is your personal <strong>favorite product<\/strong> from Yumeko and why?<br \/>\n<strong>Stephan Zeijlemaker:<\/strong> At the moment this is the <strong>bedding<\/strong> of <strong>Velvet Flanell<\/strong> &#8211; it is so wonderfully soft and warm. If you slip under the blanket in the cold bedroom, it will be warm in the twinkling of an eye. We get this<strong> fantastic material<\/strong> from a <strong>flannel expert<\/strong> from <strong>Portugal<\/strong>, where the linen is made from 100 percent <strong>organic cotton<\/strong>. Just wonderful! How do I know? I test all our products at home &#8211; and this is one of the best moments in my job.<\/p>\n<h4 style=\"text-align: center;\"><span style=\"color: #008000;\"><div class=\"su-quote su-quote-style-default\"><div class=\"su-quote-inner su-u-clearfix su-u-trim\">Perfect for dreamers, dream dancers and people who just want to sleep well &#8211; Yumeko <\/div><\/div><\/span><\/h4>\n<p><strong>my-GREENstyle:<\/strong> The three main <strong>advantages<\/strong> of a Yumeko mattress compared to a conventional model?<br \/>\n<strong>Stephan Zeijlemaker:<\/strong> The <strong>hand-made mattresses<\/strong> are incredibly <strong>comfortable<\/strong> and offer the body a great <strong>support<\/strong>. They are produced as <strong>sustainable<\/strong> as possible. Plus: Customers can <strong>try our mattresses<\/strong> at home for up to 100 days.<\/p>\n<p><strong>my-GREENstyle:<\/strong> How can I find out which<strong> mattress<\/strong> is suitable for me?<br \/>\n<strong>Stephan Zeijlemaker:<\/strong> Actually this is quite simple: starting point is your own<strong> body weight<\/strong> &#8211; so you can find out the required<strong> strength<\/strong> of the mattress. Next, the<strong> substructure<\/strong> of the bed must be checked: Is it a classic slatted frame, a box spring bed or are it spiral springs? On our <a href=\"https:\/\/www.yumeko.de\/naturmatratzen-naturbetten\/faq#Q2\" target=\"_blank\">website<\/a>, we reveal which mattress best suits to which slatted floor. In order to make it easier for our customers to make an expensive mattress purchase and, above all, to find the <strong>perfect mattresses<\/strong>, our mattresses can be tested at home for 100 days.<\/p>\n<h4 style=\"text-align: center;\"><span style=\"color: #008000;\"><div class=\"su-quote su-quote-style-default\"><div class=\"su-quote-inner su-u-clearfix su-u-trim\">Ecological sleep &#8211; Yumeko is the green decision for a good night <\/div><\/div><\/span><\/h4>\n<div id=\"attachment_7757\" style=\"width: 860px\" class=\"wp-caption aligncenter\"><img aria-describedby=\"caption-attachment-7757\" loading=\"lazy\" class=\"size-large wp-image-7757\" src=\"https:\/\/my-greenstyle.com\/wp-content\/uploads\/2017\/03\/YUMEKO_PHE_Holzbett_1-850x850.jpg\" alt=\"\u00d6kologisch schlafen\" width=\"850\" height=\"850\" srcset=\"https:\/\/my-greenstyle.com\/wp-content\/uploads\/2017\/03\/YUMEKO_PHE_Holzbett_1-850x850.jpg 850w, https:\/\/my-greenstyle.com\/wp-content\/uploads\/2017\/03\/YUMEKO_PHE_Holzbett_1-300x300.jpg 300w, https:\/\/my-greenstyle.com\/wp-content\/uploads\/2017\/03\/YUMEKO_PHE_Holzbett_1-100x100.jpg 100w, https:\/\/my-greenstyle.com\/wp-content\/uploads\/2017\/03\/YUMEKO_PHE_Holzbett_1-600x600.jpg 600w, https:\/\/my-greenstyle.com\/wp-content\/uploads\/2017\/03\/YUMEKO_PHE_Holzbett_1-150x150.jpg 150w, https:\/\/my-greenstyle.com\/wp-content\/uploads\/2017\/03\/YUMEKO_PHE_Holzbett_1-400x400.jpg 400w, https:\/\/my-greenstyle.com\/wp-content\/uploads\/2017\/03\/YUMEKO_PHE_Holzbett_1.jpg 1500w\" sizes=\"(max-width: 850px) 100vw, 850px\" \/><p id=\"caption-attachment-7757\" class=\"wp-caption-text\">Produced sustainable and a perfect dream &#8211; Beds of Yumeko<\/p><\/div>\n<p><strong>my-GREENstyle:<\/strong> What <strong>mistakes<\/strong> can I make when buying a mattress?<br \/>\n<strong>Stephan Zeijlemaker:<\/strong> Actually none. However, there is a widespread misconception that<strong> hard mattresse<\/strong>s are better for the back. At Yumeko, we have the right product for every need. Only three out of a<strong> hundred customers<\/strong> did not sleep well on our mattresses. We still do not know why, but we have taken them back and paid the purchase price.<\/p>\n<p><strong>my-GREENstyle:<\/strong> An <strong>advice<\/strong> that you can give each matress buyer along?<br \/>\n<strong>Stephan Zeijlemaker:<\/strong> This is very <strong>individual<\/strong>, so I can only recommend reading the information on our <a href=\"https:\/\/www.yumeko.de\/\" target=\"_blank\">website<\/a> and call our <strong>customer service<\/strong> if there are still open questions.<\/p>\n<h4 style=\"text-align: center;\"><span style=\"color: #008000;\"><div class=\"su-quote su-quote-style-default\"><div class=\"su-quote-inner su-u-clearfix su-u-trim\">The night is the most important regeneration time &#8211; that is why to sleep ecological <\/div><\/div><\/span><\/h4>\n<p><strong>my-GREENstyle:<\/strong> Which product would you like to include in Yumeko&#8217;s <strong>portfolio<\/strong>?<br \/>\n<strong>Stephan Zeijlemaker:<\/strong> At Yumeko, we are constantly working on the<strong> perfection<\/strong> of the <a href=\"https:\/\/my-greenstyle.com\/en\/green-glossary\/#green-glossary-tab-3\" target=\"_blank\">circular economy<\/a> and are looking for ways to produce our new products from products at the end of the circle. We have so many plans: working with an <strong>illustrator<\/strong> for <strong>children&#8217;s bedding,<\/strong> wonderfully comfortable<strong> night<\/strong> and <strong>loungewear.<\/strong> One of my personal favorites? To make <strong>bed linen<\/strong> made of cotton \/ cashmere affordable.<\/p>\n<p>And for those who ask themselves, where the name <strong>Yumeko<\/strong> comes from &#8211; that is a <strong>Japanese girls name<\/strong> and means as much as<strong> dream child<\/strong> or <strong>dream girl<\/strong>. It does not get any better, right?<\/p>\n<script type=\"text\/javascript\"> <\/script> <noscript><p><strong>This page is having a slideshow that uses Javascript. Your browser either doesn't support Javascript or you have it turned off. To see this page as it is meant to appear please use a Javascript enabled browser.<\/strong><\/p> Slider Powered by <a href=\"http:\/\/slidervilla.com\/glam\/\" title=\"Glam WordPress Slider Plugin\" target=\"_blank\">Glam WordPress Slider Plugin.<\/a><\/noscript><style type=\"text\/css\">.glam_slider_fouc .glam_slider_set141{display:none;}<\/style><script type=\"text\/javascript\">jQuery(\"html\").addClass(\"glam_slider_fouc\");jQuery(document).ready(function() {\n\t\t   \t\tjQuery(\".glam_slider_fouc .glam_slider_set141\").show();\n\t\t\t});<\/script><div id=\"glam_slider_141_wrap\" class=\"glam_slider glam_slider_set141 \" style=\"max-width:960px;\"><div class=\"sldr_title\" style=\"font-family:cursive, Arial, Helvetica, sans-serif cursive;font-size:22px;line-height:27px;font-weight:normal;font-style:normal;color:#799e31;margin:5px 0 10px 0\"> <\/div><div class=\"glam_slider_nav_wrap\"><a class=\"svglam_prev glam_browse_link\">\n\t\t<div class=\"glam_prev\" style=\"background-image:url(https:\/\/my-greenstyle.com\/wp-content\/plugins\/glam-slider\/css\/buttons\/default\/prev.png);top:40%;\">\n\t\t<span class=\"glam_arrow\"><\/span>\n\t\t<\/div>\n\t\t<div id=\"glam_slider_141_prev\" class=\"glam_left_link glam_side_link\" style=\"width:120px;height:740px;\">\n\t\t<\/div>\n\t\t<\/a><div class=\"glam_slides_wrap\" style=\"background-color:#ffffff;border:1px solid #cccccc;\"><div id=\"glam_slider_141\" class=\"glam_slider_instance\" style=\"height:720px;margin:10px;\">\n\t\t\t<div class=\"glam_items\" style=\"margin-left:110px;\">\n\t\t\t\t<div class=\"glam_slide\" >\n\t\t\t<!-- glam_slide --><div class=\"glam_slideri\"  style=\"width:700px;height:720px;margin-left:5px;margin-right:5px;\">\n\t\t\t<!-- glam_slideri --><a class=\"glam_thumb_anchor\" href=\"https:\/\/www.glore.de\/Damen\/Lingerie-Nachtwaesche\/ALAS-Floating-Pyjama-Set.html?listtype=search&searchparam=nachthemd\" ><img src=\"https:\/\/my-greenstyle.com\/wp-content\/uploads\/sliderImages\/alas_floating_pyjama_set-33ha9ehu4d3pgcssv13cow.jpg\" alt=\"Lieblingsst\u00fcck: Der zweiteilige Pyjama aus Bio-Baumwolle ist so kuschelig, dass man ihn am liebsten das ganze Wochenende lang tragen m\u00f6chte. Warum auch nicht? Pyjama-Looks sind ja schlie\u00dflich gerade maximal en vogue. Pyjama von Alas, um 120 Euro. \u00dcber glore.de\" data-anim=\"\"  class=\"glam_slider_thumbnail full\" width=\"700\" height=\"720\" style=\"height:720px;border:0px solid #bbbbbb;opacity: 0.4;-moz-opacity: 0.4;filter: alpha(opacity=40);\" \/><\/a><div class=\"glam_slide_content_chic\" style=\"background-color: rgba(255,255,255,0.75);filter: progid:DXImageTransform.Microsoft.gradient(GradientType=0,startColorstr='#AAffffff',endColorstr='#AAffffff');\"><h4 class=\"slider_htitle\" data-anim=\"\"  style=\"clear:none;line-height:21px;font-family:Oswald,sans-serif;font-size:16px;font-weight:normal;font-style:normal;color:#000000;margin:5px 0;\"><a href=\"https:\/\/www.glore.de\/Damen\/Lingerie-Nachtwaesche\/ALAS-Floating-Pyjama-Set.html?listtype=search&searchparam=nachthemd\" style=\"font-family:Oswald,sans-serif;font-size:16px;font-weight:normal;font-style:normal;color:#000000;\" >Lieblingsst\u00fcck: Der zweiteilige Pyjama aus Bio-Baumwolle ist so kuschelig, dass man ihn am liebsten das ganze Wochenende lang tragen m\u00f6chte. Warum auch nicht? Pyjama-Looks sind ja schlie\u00dflich gerade maximal en vogue. Pyjama von Alas, um 120 Euro. \u00dcber glore.de<\/a><\/h4><span class=\"content_tran\" data-anim=\"\" style=\"font-family:Verdana,Geneva,sans-serif, Arial, Helvetica, sans-serif Verdana,Geneva,sans-serif;font-size:12px;line-height:15px;font-weight:normal;font-style:normal;color:#333333;\">  <\/span><p class=\"more\"><a href=\"https:\/\/www.glore.de\/Damen\/Lingerie-Nachtwaesche\/ALAS-Floating-Pyjama-Set.html?listtype=search&searchparam=nachthemd\" style=\"color:#000000;font-family:Verdana,Geneva,sans-serif, Arial, Helvetica, sans-serif Verdana,Geneva,sans-serif;font-size:12px;\" > <\/a><\/p><\/div>\t<!-- \/glam_slideri --><\/div><\/div><!-- \/glam_slide --><div class=\"glam_slide\" >\n\t\t\t<!-- glam_slide --><div class=\"glam_slideri\"  style=\"width:700px;height:720px;margin-left:5px;margin-right:5px;\">\n\t\t\t<!-- glam_slideri --><a class=\"glam_thumb_anchor\" href=\"http:\/\/www.ludwigbeck.de\/l-occitane-universelles-aromaspray-101882563.html?adword=google\/_google_Shopping\/AllProducts&gclid=CjwKEAjwwcjGBRDj-P7TwcinyBkSJADymblTAlftTtwvHnhhuvkvqxv972jNJeUISaSo7g_hoKc_exoCkHLw_wcB \" ><img src=\"https:\/\/my-greenstyle.com\/wp-content\/uploads\/sliderImages\/Loccitane_UNIVERSELLES_AROMASPRAY-33ha64dv5c2p2r5asrb01s.jpg\" alt=\"Frischekick: Gibt es einen sch\u00f6neren Moment, als sich in frisch gewasche Bettw\u00e4sche zu kuscheln und selig einzuschlummern? Eigentlich nicht. Weil man sich diesen Luxus aber nicht jeden Tag g\u00f6nnen kann, kann man wunderbaren W\u00e4schesprays ein wenig nachhelfen. Und das ist fast genauso gut. Mein Favorit: Eau universelle purifante von L\u2019Occitane, 75 ml, um 27,50 Euro. \u00dcber ludwigbeck.de\" data-anim=\"\"  class=\"glam_slider_thumbnail full\" width=\"700\" height=\"720\" style=\"height:720px;border:0px solid #bbbbbb;opacity: 0.4;-moz-opacity: 0.4;filter: alpha(opacity=40);\" \/><\/a><div class=\"glam_slide_content_chic\" style=\"background-color: rgba(255,255,255,0.75);filter: progid:DXImageTransform.Microsoft.gradient(GradientType=0,startColorstr='#AAffffff',endColorstr='#AAffffff');\"><h4 class=\"slider_htitle\" data-anim=\"\"  style=\"clear:none;line-height:21px;font-family:Oswald,sans-serif;font-size:16px;font-weight:normal;font-style:normal;color:#000000;margin:5px 0;\"><a href=\"http:\/\/www.ludwigbeck.de\/l-occitane-universelles-aromaspray-101882563.html?adword=google\/_google_Shopping\/AllProducts&gclid=CjwKEAjwwcjGBRDj-P7TwcinyBkSJADymblTAlftTtwvHnhhuvkvqxv972jNJeUISaSo7g_hoKc_exoCkHLw_wcB \" style=\"font-family:Oswald,sans-serif;font-size:16px;font-weight:normal;font-style:normal;color:#000000;\" >Frischekick: Gibt es einen sch\u00f6neren Moment, als sich in frisch gewasche Bettw\u00e4sche zu kuscheln und selig einzuschlummern? Eigentlich nicht. Weil man sich diesen Luxus aber nicht jeden Tag g\u00f6nnen kann, kann man wunderbaren W\u00e4schesprays ein wenig nachhelfen. Und das ist fast genauso gut. Mein Favorit: Eau universelle purifante von L\u2019Occitane, 75 ml, um 27,50 Euro. \u00dcber ludwigbeck.de<\/a><\/h4><span class=\"content_tran\" data-anim=\"\" style=\"font-family:Verdana,Geneva,sans-serif, Arial, Helvetica, sans-serif Verdana,Geneva,sans-serif;font-size:12px;line-height:15px;font-weight:normal;font-style:normal;color:#333333;\">  <\/span><p class=\"more\"><a href=\"http:\/\/www.ludwigbeck.de\/l-occitane-universelles-aromaspray-101882563.html?adword=google\/_google_Shopping\/AllProducts&gclid=CjwKEAjwwcjGBRDj-P7TwcinyBkSJADymblTAlftTtwvHnhhuvkvqxv972jNJeUISaSo7g_hoKc_exoCkHLw_wcB \" style=\"color:#000000;font-family:Verdana,Geneva,sans-serif, Arial, Helvetica, sans-serif Verdana,Geneva,sans-serif;font-size:12px;\" > <\/a><\/p><\/div>\t<!-- \/glam_slideri --><\/div><\/div><!-- \/glam_slide --><div class=\"glam_slide\" >\n\t\t\t<!-- glam_slide --><div class=\"glam_slideri\"  style=\"width:700px;height:720px;margin-left:5px;margin-right:5px;\">\n\t\t\t<!-- glam_slideri --><a class=\"glam_thumb_anchor\" href=\"https:\/\/almasanta.com\/es\/en\/lingerie-woman\/translation-missing-en-sub-categories-woman-sleepwear\/maison-du-soir\/ibiza-dress-773\" ><img src=\"https:\/\/my-greenstyle.com\/wp-content\/uploads\/sliderImages\/Maison-du-Soir-Almasanta-33ha669prq2irhcdkr2u4g.jpg\" alt=\"Wolke Sieben: Die Nachtw\u00e4sche des Familienunternehmens aus Los Angeles ist so hauchzart, dass man das Gef\u00fchl man w\u00fcrde \u2013 pardon \u2013 nackt schlafen. F\u00fcr warme Sommern\u00e4chte gibt es eigentlich keine Alternative zu diesen Lieblingsst\u00fccken. Plus: Maison du Soir arbeitet ausschlie\u00dflich mit keinen Familienunternehmen zusammen. Nachthemd von Maison du Soir, um 93 Euro, \u00fcber almasanta.com\" data-anim=\"\"  class=\"glam_slider_thumbnail full\" width=\"700\" height=\"720\" style=\"height:720px;border:0px solid #bbbbbb;opacity: 0.4;-moz-opacity: 0.4;filter: alpha(opacity=40);\" \/><\/a><div class=\"glam_slide_content_chic\" style=\"background-color: rgba(255,255,255,0.75);filter: progid:DXImageTransform.Microsoft.gradient(GradientType=0,startColorstr='#AAffffff',endColorstr='#AAffffff');\"><h4 class=\"slider_htitle\" data-anim=\"\"  style=\"clear:none;line-height:21px;font-family:Oswald,sans-serif;font-size:16px;font-weight:normal;font-style:normal;color:#000000;margin:5px 0;\"><a href=\"https:\/\/almasanta.com\/es\/en\/lingerie-woman\/translation-missing-en-sub-categories-woman-sleepwear\/maison-du-soir\/ibiza-dress-773\" style=\"font-family:Oswald,sans-serif;font-size:16px;font-weight:normal;font-style:normal;color:#000000;\" >Wolke Sieben: Die Nachtw\u00e4sche des Familienunternehmens aus Los Angeles ist so hauchzart, dass man das Gef\u00fchl man w\u00fcrde \u2013 pardon \u2013 nackt schlafen. F\u00fcr warme Sommern\u00e4chte gibt es eigentlich keine Alternative zu diesen Lieblingsst\u00fccken. Plus: Maison du Soir arbeitet ausschlie\u00dflich mit keinen Familienunternehmen zusammen. Nachthemd von Maison du Soir, um 93 Euro, \u00fcber almasanta.com<\/a><\/h4><span class=\"content_tran\" data-anim=\"\" style=\"font-family:Verdana,Geneva,sans-serif, Arial, Helvetica, sans-serif Verdana,Geneva,sans-serif;font-size:12px;line-height:15px;font-weight:normal;font-style:normal;color:#333333;\">  <\/span><p class=\"more\"><a href=\"https:\/\/almasanta.com\/es\/en\/lingerie-woman\/translation-missing-en-sub-categories-woman-sleepwear\/maison-du-soir\/ibiza-dress-773\" style=\"color:#000000;font-family:Verdana,Geneva,sans-serif, Arial, Helvetica, sans-serif Verdana,Geneva,sans-serif;font-size:12px;\" > <\/a><\/p><\/div>\t<!-- \/glam_slideri --><\/div><\/div><!-- \/glam_slide --><div class=\"glam_slide\" >\n\t\t\t<!-- glam_slide --><div class=\"glam_slideri\"  style=\"width:700px;height:720px;margin-left:5px;margin-right:5px;\">\n\t\t\t<!-- glam_slideri --><a class=\"glam_thumb_anchor\" href=\"http:\/\/ognx.com\/yoga_de\/women\/catsuits\/ognx-yoga-jumpsuits-ocean-damen-blau.html\"  http:\/\/ognx.com\/yoga_de\/women\/catsuits\/ognx-yoga-jumpsuits-ocean-damen-blau.html><img src=\"https:\/\/my-greenstyle.com\/wp-content\/uploads\/sliderImages\/ognx_romper-ocean-33ha67rzv8gs42au75apds.jpg\" alt=\"Multitalent: Der super-flauschige Jumpsuit aus Bio-Baumwolle ist zwar eigentlich f\u00fcr Yogis erdacht. Aber wer das Material einmal angefasst hat, wird ihn zum Schlafengehen nicht mehr ausziehen wollen! Und im Studio, am Strand, in der City &amp; Co. Kann er er trotzdem noch zum vorgesehenen Einsatz kommen. Jumpsuit von Ognx, um 70 Euro.\" data-anim=\"\"  class=\"glam_slider_thumbnail full\" width=\"700\" height=\"720\" style=\"height:720px;border:0px solid #bbbbbb;opacity: 0.4;-moz-opacity: 0.4;filter: alpha(opacity=40);\" \/><\/a><div class=\"glam_slide_content_chic\" style=\"background-color: rgba(255,255,255,0.75);filter: progid:DXImageTransform.Microsoft.gradient(GradientType=0,startColorstr='#AAffffff',endColorstr='#AAffffff');\"><h4 class=\"slider_htitle\" data-anim=\"\"  style=\"clear:none;line-height:21px;font-family:Oswald,sans-serif;font-size:16px;font-weight:normal;font-style:normal;color:#000000;margin:5px 0;\"><a href=\"http:\/\/ognx.com\/yoga_de\/women\/catsuits\/ognx-yoga-jumpsuits-ocean-damen-blau.html\" style=\"font-family:Oswald,sans-serif;font-size:16px;font-weight:normal;font-style:normal;color:#000000;\" http:\/\/ognx.com\/yoga_de\/women\/catsuits\/ognx-yoga-jumpsuits-ocean-damen-blau.html>Multitalent: Der super-flauschige Jumpsuit aus Bio-Baumwolle ist zwar eigentlich f\u00fcr Yogis erdacht. Aber wer das Material einmal angefasst hat, wird ihn zum Schlafengehen nicht mehr ausziehen wollen! Und im Studio, am Strand, in der City & Co. Kann er er trotzdem noch zum vorgesehenen Einsatz kommen. Jumpsuit von Ognx, um 70 Euro.<\/a><\/h4><span class=\"content_tran\" data-anim=\"\" style=\"font-family:Verdana,Geneva,sans-serif, Arial, Helvetica, sans-serif Verdana,Geneva,sans-serif;font-size:12px;line-height:15px;font-weight:normal;font-style:normal;color:#333333;\">  <\/span><p class=\"more\"><a href=\"http:\/\/ognx.com\/yoga_de\/women\/catsuits\/ognx-yoga-jumpsuits-ocean-damen-blau.html\" style=\"color:#000000;font-family:Verdana,Geneva,sans-serif, Arial, Helvetica, sans-serif Verdana,Geneva,sans-serif;font-size:12px;\" http:\/\/ognx.com\/yoga_de\/women\/catsuits\/ognx-yoga-jumpsuits-ocean-damen-blau.html> <\/a><\/p><\/div>\t<!-- \/glam_slideri --><\/div><\/div><!-- \/glam_slide --><div class=\"glam_slide\" >\n\t\t\t<!-- glam_slide --><div class=\"glam_slideri\"  style=\"width:700px;height:720px;margin-left:5px;margin-right:5px;\">\n\t\t\t<!-- glam_slideri --><a class=\"glam_thumb_anchor\" href=\"https:\/\/www.yumeko.de\/oekologische-ueberraschungen\/oekologische-schlafmaske\/jersey-indigo-blue\" ><img src=\"https:\/\/my-greenstyle.com\/wp-content\/uploads\/sliderImages\/Schlafmaske-Yumeko-33ha69nuhmglsshwz52jgg.jpg\" alt=\"Gute Nacht: Mit der weichen Schlafmaske aus fairtrade Bio-Baumwolle steht s\u00fc\u00dfen tr\u00e4umen nichts mehr im Wege. Schlafmaske von Yumeko, um 15 Euro. \u00dcber yumeko.de\" data-anim=\"\"  class=\"glam_slider_thumbnail full\" width=\"700\" height=\"720\" style=\"height:720px;border:0px solid #bbbbbb;opacity: 0.4;-moz-opacity: 0.4;filter: alpha(opacity=40);\" \/><\/a><div class=\"glam_slide_content_chic\" style=\"background-color: rgba(255,255,255,0.75);filter: progid:DXImageTransform.Microsoft.gradient(GradientType=0,startColorstr='#AAffffff',endColorstr='#AAffffff');\"><h4 class=\"slider_htitle\" data-anim=\"\"  style=\"clear:none;line-height:21px;font-family:Oswald,sans-serif;font-size:16px;font-weight:normal;font-style:normal;color:#000000;margin:5px 0;\"><a href=\"https:\/\/www.yumeko.de\/oekologische-ueberraschungen\/oekologische-schlafmaske\/jersey-indigo-blue\" style=\"font-family:Oswald,sans-serif;font-size:16px;font-weight:normal;font-style:normal;color:#000000;\" >Gute Nacht: Mit der weichen Schlafmaske aus fairtrade Bio-Baumwolle steht s\u00fc\u00dfen tr\u00e4umen nichts mehr im Wege. Schlafmaske von Yumeko, um 15 Euro. \u00dcber yumeko.de<\/a><\/h4><span class=\"content_tran\" data-anim=\"\" style=\"font-family:Verdana,Geneva,sans-serif, Arial, Helvetica, sans-serif Verdana,Geneva,sans-serif;font-size:12px;line-height:15px;font-weight:normal;font-style:normal;color:#333333;\">  <\/span><p class=\"more\"><a href=\"https:\/\/www.yumeko.de\/oekologische-ueberraschungen\/oekologische-schlafmaske\/jersey-indigo-blue\" style=\"color:#000000;font-family:Verdana,Geneva,sans-serif, Arial, Helvetica, sans-serif Verdana,Geneva,sans-serif;font-size:12px;\" > <\/a><\/p><\/div>\t<!-- \/glam_slideri --><\/div><\/div><!-- \/glam_slide --><div class=\"glam_slide\" >\n\t\t\t<!-- glam_slide --><div class=\"glam_slideri\"  style=\"width:700px;height:720px;margin-left:5px;margin-right:5px;\">\n\t\t\t<!-- glam_slideri --><a class=\"glam_thumb_anchor\" href=\"https:\/\/www.yumeko.de\/bio-bettwaesche\/bio-bettwaesche-set\/bettwaescheset-perkal-300tc-jade-green\" ><img src=\"https:\/\/my-greenstyle.com\/wp-content\/uploads\/sliderImages\/YUMEKO_Perkal_jadegreen_5-33ha6bf69px8pgy4d9npxc.jpg\" alt=\"Wellness-Einheit: Einmal reingeschl\u00fcpft, nicht mehr aufgestanden. Die herrliche weiche Bettw\u00e4sche aus Fairtrade Bio-Baumwolle hat nicht nur einen leichten Glanz \u2013 sie l\u00e4sst auch Eure Augen gl\u00e4nzen. Versprochen! Erh\u00e4ltlich in vielen Farben, aber Jade ist einfach der Hammer! Bettw\u00e4sche-Set von Yumeko, um 100 Euro. \u00dcber yumeko.de\" data-anim=\"\"  class=\"glam_slider_thumbnail full\" width=\"700\" height=\"720\" style=\"height:720px;border:0px solid #bbbbbb;opacity: 0.4;-moz-opacity: 0.4;filter: alpha(opacity=40);\" \/><\/a><div class=\"glam_slide_content_chic\" style=\"background-color: rgba(255,255,255,0.75);filter: progid:DXImageTransform.Microsoft.gradient(GradientType=0,startColorstr='#AAffffff',endColorstr='#AAffffff');\"><h4 class=\"slider_htitle\" data-anim=\"\"  style=\"clear:none;line-height:21px;font-family:Oswald,sans-serif;font-size:16px;font-weight:normal;font-style:normal;color:#000000;margin:5px 0;\"><a href=\"https:\/\/www.yumeko.de\/bio-bettwaesche\/bio-bettwaesche-set\/bettwaescheset-perkal-300tc-jade-green\" style=\"font-family:Oswald,sans-serif;font-size:16px;font-weight:normal;font-style:normal;color:#000000;\" >Wellness-Einheit: Einmal reingeschl\u00fcpft, nicht mehr aufgestanden. Die herrliche weiche Bettw\u00e4sche aus Fairtrade Bio-Baumwolle hat nicht nur einen leichten Glanz \u2013 sie l\u00e4sst auch Eure Augen gl\u00e4nzen. Versprochen! Erh\u00e4ltlich in vielen Farben, aber Jade ist einfach der Hammer! Bettw\u00e4sche-Set von Yumeko, um 100 Euro. \u00dcber yumeko.de<\/a><\/h4><span class=\"content_tran\" data-anim=\"\" style=\"font-family:Verdana,Geneva,sans-serif, Arial, Helvetica, sans-serif Verdana,Geneva,sans-serif;font-size:12px;line-height:15px;font-weight:normal;font-style:normal;color:#333333;\">  <\/span><p class=\"more\"><a href=\"https:\/\/www.yumeko.de\/bio-bettwaesche\/bio-bettwaesche-set\/bettwaescheset-perkal-300tc-jade-green\" style=\"color:#000000;font-family:Verdana,Geneva,sans-serif, Arial, Helvetica, sans-serif Verdana,Geneva,sans-serif;font-size:12px;\" > <\/a><\/p><\/div>\t<!-- \/glam_slideri --><\/div><\/div><!-- \/glam_slide --><div class=\"glam_slide\" >\n\t\t\t<!-- glam_slide --><div class=\"glam_slideri\"  style=\"width:700px;height:720px;margin-left:5px;margin-right:5px;\">\n\t\t\t<!-- glam_slideri --><a class=\"glam_thumb_anchor\" href=\"https:\/\/www.oliveda.com\/B20-Foot-Balm-Softening\"  https:\/\/www.oliveda.com\/B20-Foot-Balm-Softening><img src=\"https:\/\/my-greenstyle.com\/wp-content\/uploads\/sliderImages\/Fu\u00dfbalsam-Softening-OLIVEDA-33ha61499q7sthqms8hybk.jpg\" alt=\"Samtpf\u00f6tchen: Kampfer, Menthol, Rosmarin , Thymian, Salbei \u2013 der Fu\u00dfbalsam von Oliveda hat mir schon im Winter herrliche Dienste erwiesen, weil er wohlig w\u00e4rmt. Aber jetzt hei\u00dft es ja bald \u2013 zeigt her Eure F\u00fc\u00dfchen, denn die Sandalenzeit steht vor der T\u00fcr. Und wie k\u00f6nnte man sich besser auf die Barfu\u00dfzeit vorbereiten, als mit einer maximalen Over-Night-Fu\u00dfpflege. Softening Foot Balm von Oliveda, 200 ml, um 35 Euro. \u00dcber oliveda.com\" data-anim=\"\"  class=\"glam_slider_thumbnail full\" width=\"700\" height=\"720\" style=\"height:720px;border:0px solid #bbbbbb;opacity: 0.4;-moz-opacity: 0.4;filter: alpha(opacity=40);\" \/><\/a><div class=\"glam_slide_content_chic\" style=\"background-color: rgba(255,255,255,0.75);filter: progid:DXImageTransform.Microsoft.gradient(GradientType=0,startColorstr='#AAffffff',endColorstr='#AAffffff');\"><h4 class=\"slider_htitle\" data-anim=\"\"  style=\"clear:none;line-height:21px;font-family:Oswald,sans-serif;font-size:16px;font-weight:normal;font-style:normal;color:#000000;margin:5px 0;\"><a href=\"https:\/\/www.oliveda.com\/B20-Foot-Balm-Softening\" style=\"font-family:Oswald,sans-serif;font-size:16px;font-weight:normal;font-style:normal;color:#000000;\" https:\/\/www.oliveda.com\/B20-Foot-Balm-Softening>Samtpf\u00f6tchen: Kampfer, Menthol, Rosmarin , Thymian, Salbei \u2013 der Fu\u00dfbalsam von Oliveda hat mir schon im Winter herrliche Dienste erwiesen, weil er wohlig w\u00e4rmt. Aber jetzt hei\u00dft es ja bald \u2013 zeigt her Eure F\u00fc\u00dfchen, denn die Sandalenzeit steht vor der T\u00fcr. Und wie k\u00f6nnte man sich besser auf die Barfu\u00dfzeit vorbereiten, als mit einer maximalen Over-Night-Fu\u00dfpflege. Softening Foot Balm von Oliveda, 200 ml, um 35 Euro. \u00dcber oliveda.com<\/a><\/h4><span class=\"content_tran\" data-anim=\"\" style=\"font-family:Verdana,Geneva,sans-serif, Arial, Helvetica, sans-serif Verdana,Geneva,sans-serif;font-size:12px;line-height:15px;font-weight:normal;font-style:normal;color:#333333;\">  <\/span><p class=\"more\"><a href=\"https:\/\/www.oliveda.com\/B20-Foot-Balm-Softening\" style=\"color:#000000;font-family:Verdana,Geneva,sans-serif, Arial, Helvetica, sans-serif Verdana,Geneva,sans-serif;font-size:12px;\" https:\/\/www.oliveda.com\/B20-Foot-Balm-Softening> <\/a><\/p><\/div>\t<!-- \/glam_slideri --><\/div><\/div><!-- \/glam_slide --><div class=\"glam_slide\" >\n\t\t\t<!-- glam_slide --><div class=\"glam_slideri\"  style=\"width:700px;height:720px;margin-left:5px;margin-right:5px;\">\n\t\t\t<!-- glam_slideri --><a class=\"glam_thumb_anchor\" href=\"https:\/\/www.krigler.eu\/deutsch\/duftkerzen\/\" ><img src=\"https:\/\/my-greenstyle.com\/wp-content\/uploads\/sliderImages\/Krigler-Duftkerze-Lieber-Gustav-33ha62mjd8m262p3emptkw.jpg\" alt=\"S\u00fc\u00dfe Tr\u00e4ume: Seit ich Ben Krigler, Parfumeur in f\u00fcnfter Generation, kennengelernt habe, bin ich hin und weg von den D\u00fcften des Traditionshauses. Als Haute Parf\u00fcmerie werden hier nat\u00fcrlich nur die allerfeinsten Inhaltsstoffe verwendet und jeder Duft ist eine faszinierende und fesselnde Komposition. Eine Duftkerze aus dem gro\u00dfartigen Sortiment hat es mir besonders angetan - \u201cLieber Gustav 14\u201d ist eine Hommage an die Art-Deco-Zeit in Berlin und sorgt mit seinen warmen Noten Lavendel, schwarzem Tee und Leder f\u00fcr eine maximal entspannte Atmosph\u00e4re. Duftkerze \u201cLieber Gustav 14\u201d von Krigler, um 95 Euro. \u00dcber krigler.eu\" data-anim=\"\"  class=\"glam_slider_thumbnail full\" width=\"700\" height=\"720\" style=\"height:720px;border:0px solid #bbbbbb;opacity: 0.4;-moz-opacity: 0.4;filter: alpha(opacity=40);\" \/><\/a><div class=\"glam_slide_content_chic\" style=\"background-color: rgba(255,255,255,0.75);filter: progid:DXImageTransform.Microsoft.gradient(GradientType=0,startColorstr='#AAffffff',endColorstr='#AAffffff');\"><h4 class=\"slider_htitle\" data-anim=\"\"  style=\"clear:none;line-height:21px;font-family:Oswald,sans-serif;font-size:16px;font-weight:normal;font-style:normal;color:#000000;margin:5px 0;\"><a href=\"https:\/\/www.krigler.eu\/deutsch\/duftkerzen\/\" style=\"font-family:Oswald,sans-serif;font-size:16px;font-weight:normal;font-style:normal;color:#000000;\" >S\u00fc\u00dfe Tr\u00e4ume: Seit ich Ben Krigler, Parfumeur in f\u00fcnfter Generation, kennengelernt habe, bin ich hin und weg von den D\u00fcften des Traditionshauses. Als Haute Parf\u00fcmerie werden hier nat\u00fcrlich nur die allerfeinsten Inhaltsstoffe verwendet und jeder Duft ist eine faszinierende und fesselnde Komposition. Eine Duftkerze aus dem gro\u00dfartigen Sortiment hat es mir besonders angetan - \u201cLieber Gustav 14\u201d ist eine Hommage an die Art-Deco-Zeit in Berlin und sorgt mit seinen warmen Noten Lavendel, schwarzem Tee und Leder f\u00fcr eine maximal entspannte Atmosph\u00e4re. Duftkerze \u201cLieber Gustav 14\u201d von Krigler, um 95 Euro. \u00dcber krigler.eu<\/a><\/h4><span class=\"content_tran\" data-anim=\"\" style=\"font-family:Verdana,Geneva,sans-serif, Arial, Helvetica, sans-serif Verdana,Geneva,sans-serif;font-size:12px;line-height:15px;font-weight:normal;font-style:normal;color:#333333;\">  <\/span><p class=\"more\"><a href=\"https:\/\/www.krigler.eu\/deutsch\/duftkerzen\/\" style=\"color:#000000;font-family:Verdana,Geneva,sans-serif, Arial, Helvetica, sans-serif Verdana,Geneva,sans-serif;font-size:12px;\" > <\/a><\/p><\/div>\t<!-- \/glam_slideri --><\/div><\/div><!-- \/glam_slide -->\n\t\t\t<\/div>\n\t\t<\/div><\/div> <div id=\"glam_slider_141_nav\" class=\"glam_nav\"  ><\/div><a class=\"svglam_next glam_browse_link\">\n\t\t<div class=\"glam_next\" style=\"background-image:url(https:\/\/my-greenstyle.com\/wp-content\/plugins\/glam-slider\/css\/buttons\/default\/next.png);top:40%;\">\n\t\t<span class=\"glam_arrow\"><\/span>\n\t\t<\/div>\n\t\t<div id=\"glam_slider_141_next\" class=\"glam_right_link glam_side_link\" style=\"width:120px;height:740px;\">\n\t\t<\/div>\n\t\t<\/a><\/div><\/div><input type='hidden' id='glam_fn' value='glam_slider_141_wrap,960,720,700,110,10,1'><script type=\"text\/javascript\">var glam_slider_141_a;\n\tvar glam_slider_141_y=0;\n\tjQuery(document).ready(function() {\n\t\t\t\tvar glamcLoad = true;\n\t\t\t\tjQuery(\"#glam_slider_141\").scrollable({\n\t\t\t\t\tcircular:true,\n\t\t\t\t\tclonedClass:\"glam_cloned\",\n\t\t\t\t\tdisabledClass:\"glam_disabled\",\n\t\t\t\t\titems:\".glam_items\",\n\t\t\t\t\tnext:\"#glam_slider_141_wrap .svglam_next\",\n\t\t\tprev:\"#glam_slider_141_wrap .svglam_prev\",\n\t\t\t\t\tonBeforeSeek: function(evt, index){\n\t\t\t\t\t\t\/\/ Auto Stop Mediaelement js video\n\t\t\t\t\t\tvar mediaEleVideos = jQuery(\".glam_slide:not(.glam_cloned)\").find(\"video\");\n\t\t\t\t\t\tif( mediaEleVideos.length > 0 && glamcLoad != true) {\n\t\t\t\t\t\t\tmediaEleVideos.each(function() {\n\t\t\t\t\t\t\t\tif(jQuery(this)[0].player != undefined)\n\t\t\t\t\t\t\t\t\tjQuery(this)[0].player.pause();\n\t\t\t\t\t\t\t});\n\t\t\t\t\t\t}\n\t\t\t\t\t\tvar IfrmDiv = jQuery(\".glam_slide:eq(\"+parseInt(index+1)+\"), .glam_slide:eq(\"+parseInt(index+3)+\")\").find(\"iframe\");\n\t\t\t\t\t\tif( IfrmDiv.length > 0 ) {\n\t\t\t\t\t\t\tvar iframeHtml, prnt;\n\t\t\t\t\t\t\tiframeHtml = IfrmDiv[0].outerHTML.replace(\/<iframe\/,\"<iframe\").replace(\"<\/iframe>\",\"<\/iframe>\");\n\t\t\t\t\t\t\tprnt = IfrmDiv.parent();\n\t\t\t\t\t\t\tIfrmDiv.remove();\n\t\t\t\t\t\t\tprnt.html(iframeHtml);\n\t\t\t\t\t\t}\n\t\t\t\t\t},\n\t\t\t\t\tonSeek:function(G,F){\n\t\t\t\t\t\tglamcLoad = false;\n\t\t\t\t\t\tif(!glam_slider_141_a){glam_slider_141_a=jQuery(this.getItems()[0]);}\n\t\t\t\t\t\tif(glam_slider_141_y<F){svilla_u(glam_slider_141_a,G,F,\"toRight\",0.4)}\n\t\t\t\t\t\telse{svilla_u(glam_slider_141_a,G,F,\"toLeft\",0.4)}\n\t\t\t\t\t\tglam_slider_141_a=jQuery(this.getItems()[F]);\n\t\t\t\t\t\tsvilla_t(\"0\",glam_slider_141_a,F);\n\t\t\t\t\t\tglam_slider_141_y=F\n\t\t\t\t\t}\n\t\t\t\t\t,easing:\"swing\",speed:400\n\t\t\t\t})\n\t\t\t\t.autoscroll({\n\t\t\t\t\tautoplay:true,\n\t\t\t\t\tinterval: 6000\n\t\t\t\t}) \n\t\t\t\t.navigator({\n\t\t\t\t\tnavi:\"#glam_slider_141_nav\", \n\t\t\t\t\tactiveClass: \"glam_nav_a\",\n\t\t\t\t\tstyle:\"background: transparent url(https:\/\/my-greenstyle.com\/wp-content\/plugins\/glam-slider\/css\/buttons\/default\/nav.png) no-repeat top left;\"\n\t\t\t\t});\n\t\t\t\tsvilla_glam_onload(\"0\",\"#glam_slider_141\");\n\t\t\t\tglamChic_responsiveScrollable(\"glam_slider_141_wrap\",960,720,700,110,10,1,0);\n\n\tjQuery(window).resize(function() {\n\t\tglam_waitForFinalEvent( glamChic_responsiveScrollable, 900, \"glam_slider_141\",\"glam_slider_141_wrap\",960,720,700,110,10,1,0);\n\t});jQuery(\"#glam_slider_141 .wpsc_buy_button\").css({ \"background\":\"#519d42\",\"font-size\":\"12px\",\"color\":\"#ffffff\",\"border\":\"1px solid #519d42\"});\tjQuery( \".slider_htitle a\" ).hover(\n\t\t\t\t  function() {\n\t\t\t\t\tjQuery( this ).css(\"color\",\"#ff0000\");\n\t\t\t\t  }, function() {\n\t\t\t\t\tjQuery( this ).css(\"color\",\"#000000\");\n\t\t\t\t  }\n\t\t\t\t);});jQuery(document).ready(function() {jQuery(\"head\").append(\"<style type=\\\"text\/css\\\">.glam_slider_set141.glam_slider{width: 100% !important;}@media only screen and (max-width: 599px) {.glam_slider_set141 .glam_slide_content_chic span{display:none;}}<\/style>\");});<\/script>\n","protected":false},"excerpt":{"rendered":"<p>Some time ago, I have invested in a very, very expensive matresse, because I thought, the short time, which leaves me every day to sleep, I also want to be celestial. I LOVE my mattress and actually have nowhere else ever slept so well as at home. But also my two daughters found out. They [&hellip;]<\/p>\n","protected":false},"author":2,"featured_media":7754,"comment_status":"open","ping_status":"open","sticky":false,"template":"","format":"standard","meta":[],"categories":[529],"tags":[],"acf":[],"yoast_head":"<!-- This site is optimized with the Yoast SEO plugin v16.7 - https:\/\/yoast.com\/wordpress\/plugins\/seo\/ -->\n<title>Eco sleep - Mattresses &amp; Co. - my-GREENstyle<\/title>\n<meta name=\"description\" content=\"Eco sleep? How to do this and what to look at when purchasing mattresses reveals the interview. Plus: Favorite accessories for heavenly sleep.\" \/>\n<meta name=\"robots\" content=\"index, follow, max-snippet:-1, max-image-preview:large, max-video-preview:-1\" \/>\n<link rel=\"canonical\" href=\"https:\/\/my-greenstyle.com\/en\/oekologisch-schlafen-matratzen-co\/\" \/>\n<meta property=\"og:locale\" content=\"en_US\" \/>\n<meta property=\"og:type\" content=\"article\" \/>\n<meta property=\"og:title\" content=\"Eco sleep - Mattresses &amp; Co. - my-GREENstyle\" \/>\n<meta property=\"og:description\" content=\"Eco sleep? How to do this and what to look at when purchasing mattresses reveals the interview. Plus: Favorite accessories for heavenly sleep.\" \/>\n<meta property=\"og:url\" content=\"https:\/\/my-greenstyle.com\/en\/oekologisch-schlafen-matratzen-co\/\" \/>\n<meta property=\"og:site_name\" content=\"my-GREENstyle\" \/>\n<meta property=\"article:publisher\" content=\"https:\/\/www.facebook.com\/mygreenstylecom\" \/>\n<meta property=\"article:published_time\" content=\"2017-03-23T20:25:17+00:00\" \/>\n<meta property=\"article:modified_time\" content=\"2017-03-29T09:05:44+00:00\" \/>\n<meta property=\"og:image\" content=\"https:\/\/my-greenstyle.com\/wp-content\/uploads\/2017\/03\/YUMEKO_Bett_auf.jpg\" \/>\n\t<meta property=\"og:image:width\" content=\"1500\" \/>\n\t<meta property=\"og:image:height\" content=\"1500\" \/>\n<meta name=\"twitter:card\" content=\"summary\" \/>\n<meta name=\"twitter:label1\" content=\"Written by\" \/>\n\t<meta name=\"twitter:data1\" content=\"Mirjam Smend\" \/>\n\t<meta name=\"twitter:label2\" content=\"Est. reading time\" \/>\n\t<meta name=\"twitter:data2\" content=\"5 minutes\" \/>\n<script type=\"application\/ld+json\" class=\"yoast-schema-graph\">{\"@context\":\"https:\/\/schema.org\",\"@graph\":[{\"@type\":\"WebSite\",\"@id\":\"https:\/\/my-greenstyle.com\/en\/#website\",\"url\":\"https:\/\/my-greenstyle.com\/en\/\",\"name\":\"my-GREENstyle\",\"description\":\"Eine weitere WordPress-Seite\",\"potentialAction\":[{\"@type\":\"SearchAction\",\"target\":{\"@type\":\"EntryPoint\",\"urlTemplate\":\"https:\/\/my-greenstyle.com\/en\/?s={search_term_string}\"},\"query-input\":\"required name=search_term_string\"}],\"inLanguage\":\"en-US\"},{\"@type\":\"ImageObject\",\"@id\":\"https:\/\/my-greenstyle.com\/en\/oekologisch-schlafen-matratzen-co\/#primaryimage\",\"inLanguage\":\"en-US\",\"url\":\"https:\/\/my-greenstyle.com\/wp-content\/uploads\/2017\/03\/YUMEKO_Bett_auf.jpg\",\"contentUrl\":\"https:\/\/my-greenstyle.com\/wp-content\/uploads\/2017\/03\/YUMEKO_Bett_auf.jpg\",\"width\":1500,\"height\":1500,\"caption\":\"Good night - thanks to a sustainable environment\"},{\"@type\":\"WebPage\",\"@id\":\"https:\/\/my-greenstyle.com\/en\/oekologisch-schlafen-matratzen-co\/#webpage\",\"url\":\"https:\/\/my-greenstyle.com\/en\/oekologisch-schlafen-matratzen-co\/\",\"name\":\"Eco sleep - Mattresses & Co. - my-GREENstyle\",\"isPartOf\":{\"@id\":\"https:\/\/my-greenstyle.com\/en\/#website\"},\"primaryImageOfPage\":{\"@id\":\"https:\/\/my-greenstyle.com\/en\/oekologisch-schlafen-matratzen-co\/#primaryimage\"},\"datePublished\":\"2017-03-23T20:25:17+00:00\",\"dateModified\":\"2017-03-29T09:05:44+00:00\",\"author\":{\"@id\":\"https:\/\/my-greenstyle.com\/en\/#\/schema\/person\/2d0a020d74298edd124f8ef1969885c4\"},\"description\":\"Eco sleep? How to do this and what to look at when purchasing mattresses reveals the interview. Plus: Favorite accessories for heavenly sleep.\",\"breadcrumb\":{\"@id\":\"https:\/\/my-greenstyle.com\/en\/oekologisch-schlafen-matratzen-co\/#breadcrumb\"},\"inLanguage\":\"en-US\",\"potentialAction\":[{\"@type\":\"ReadAction\",\"target\":[\"https:\/\/my-greenstyle.com\/en\/oekologisch-schlafen-matratzen-co\/\"]}]},{\"@type\":\"BreadcrumbList\",\"@id\":\"https:\/\/my-greenstyle.com\/en\/oekologisch-schlafen-matratzen-co\/#breadcrumb\",\"itemListElement\":[{\"@type\":\"ListItem\",\"position\":1,\"name\":\"Home\",\"item\":\"https:\/\/my-greenstyle.com\/en\/\"},{\"@type\":\"ListItem\",\"position\":2,\"name\":\"Eco sleep &#8211; Mattresses &#038; Co.\"}]},{\"@type\":\"Person\",\"@id\":\"https:\/\/my-greenstyle.com\/en\/#\/schema\/person\/2d0a020d74298edd124f8ef1969885c4\",\"name\":\"Mirjam Smend\",\"image\":{\"@type\":\"ImageObject\",\"@id\":\"https:\/\/my-greenstyle.com\/en\/#personlogo\",\"inLanguage\":\"en-US\",\"url\":\"https:\/\/secure.gravatar.com\/avatar\/8b837db10ab66e0a39107244829d09d2?s=96&d=mm&r=g\",\"contentUrl\":\"https:\/\/secure.gravatar.com\/avatar\/8b837db10ab66e0a39107244829d09d2?s=96&d=mm&r=g\",\"caption\":\"Mirjam Smend\"},\"url\":\"https:\/\/my-greenstyle.com\/en\/author\/mirijam\/\"}]}<\/script>\n<!-- \/ Yoast SEO plugin. -->","yoast_head_json":{"title":"Eco sleep - Mattresses & Co. - my-GREENstyle","description":"Eco sleep? How to do this and what to look at when purchasing mattresses reveals the interview. Plus: Favorite accessories for heavenly sleep.","robots":{"index":"index","follow":"follow","max-snippet":"max-snippet:-1","max-image-preview":"max-image-preview:large","max-video-preview":"max-video-preview:-1"},"canonical":"https:\/\/my-greenstyle.com\/en\/oekologisch-schlafen-matratzen-co\/","og_locale":"en_US","og_type":"article","og_title":"Eco sleep - Mattresses & Co. - my-GREENstyle","og_description":"Eco sleep? How to do this and what to look at when purchasing mattresses reveals the interview. Plus: Favorite accessories for heavenly sleep.","og_url":"https:\/\/my-greenstyle.com\/en\/oekologisch-schlafen-matratzen-co\/","og_site_name":"my-GREENstyle","article_publisher":"https:\/\/www.facebook.com\/mygreenstylecom","article_published_time":"2017-03-23T20:25:17+00:00","article_modified_time":"2017-03-29T09:05:44+00:00","og_image":[{"width":1500,"height":1500,"url":"https:\/\/my-greenstyle.com\/wp-content\/uploads\/2017\/03\/YUMEKO_Bett_auf.jpg","path":"\/homepages\/22\/d609430457\/htdocs\/my-greenstyle\/wp-content\/uploads\/2017\/03\/YUMEKO_Bett_auf.jpg","size":"full","id":7754,"alt":"Eco sleep","pixels":2250000,"type":"image\/jpeg"}],"twitter_card":"summary","twitter_misc":{"Written by":"Mirjam Smend","Est. reading time":"5 minutes"},"schema":{"@context":"https:\/\/schema.org","@graph":[{"@type":"WebSite","@id":"https:\/\/my-greenstyle.com\/en\/#website","url":"https:\/\/my-greenstyle.com\/en\/","name":"my-GREENstyle","description":"Eine weitere WordPress-Seite","potentialAction":[{"@type":"SearchAction","target":{"@type":"EntryPoint","urlTemplate":"https:\/\/my-greenstyle.com\/en\/?s={search_term_string}"},"query-input":"required name=search_term_string"}],"inLanguage":"en-US"},{"@type":"ImageObject","@id":"https:\/\/my-greenstyle.com\/en\/oekologisch-schlafen-matratzen-co\/#primaryimage","inLanguage":"en-US","url":"https:\/\/my-greenstyle.com\/wp-content\/uploads\/2017\/03\/YUMEKO_Bett_auf.jpg","contentUrl":"https:\/\/my-greenstyle.com\/wp-content\/uploads\/2017\/03\/YUMEKO_Bett_auf.jpg","width":1500,"height":1500,"caption":"Good night - thanks to a sustainable environment"},{"@type":"WebPage","@id":"https:\/\/my-greenstyle.com\/en\/oekologisch-schlafen-matratzen-co\/#webpage","url":"https:\/\/my-greenstyle.com\/en\/oekologisch-schlafen-matratzen-co\/","name":"Eco sleep - Mattresses & Co. - my-GREENstyle","isPartOf":{"@id":"https:\/\/my-greenstyle.com\/en\/#website"},"primaryImageOfPage":{"@id":"https:\/\/my-greenstyle.com\/en\/oekologisch-schlafen-matratzen-co\/#primaryimage"},"datePublished":"2017-03-23T20:25:17+00:00","dateModified":"2017-03-29T09:05:44+00:00","author":{"@id":"https:\/\/my-greenstyle.com\/en\/#\/schema\/person\/2d0a020d74298edd124f8ef1969885c4"},"description":"Eco sleep? How to do this and what to look at when purchasing mattresses reveals the interview. Plus: Favorite accessories for heavenly sleep.","breadcrumb":{"@id":"https:\/\/my-greenstyle.com\/en\/oekologisch-schlafen-matratzen-co\/#breadcrumb"},"inLanguage":"en-US","potentialAction":[{"@type":"ReadAction","target":["https:\/\/my-greenstyle.com\/en\/oekologisch-schlafen-matratzen-co\/"]}]},{"@type":"BreadcrumbList","@id":"https:\/\/my-greenstyle.com\/en\/oekologisch-schlafen-matratzen-co\/#breadcrumb","itemListElement":[{"@type":"ListItem","position":1,"name":"Home","item":"https:\/\/my-greenstyle.com\/en\/"},{"@type":"ListItem","position":2,"name":"Eco sleep &#8211; Mattresses &#038; Co."}]},{"@type":"Person","@id":"https:\/\/my-greenstyle.com\/en\/#\/schema\/person\/2d0a020d74298edd124f8ef1969885c4","name":"Mirjam Smend","image":{"@type":"ImageObject","@id":"https:\/\/my-greenstyle.com\/en\/#personlogo","inLanguage":"en-US","url":"https:\/\/secure.gravatar.com\/avatar\/8b837db10ab66e0a39107244829d09d2?s=96&d=mm&r=g","contentUrl":"https:\/\/secure.gravatar.com\/avatar\/8b837db10ab66e0a39107244829d09d2?s=96&d=mm&r=g","caption":"Mirjam Smend"},"url":"https:\/\/my-greenstyle.com\/en\/author\/mirijam\/"}]}},"_links":{"self":[{"href":"https:\/\/my-greenstyle.com\/en\/wp-json\/wp\/v2\/posts\/7768"}],"collection":[{"href":"https:\/\/my-greenstyle.com\/en\/wp-json\/wp\/v2\/posts"}],"about":[{"href":"https:\/\/my-greenstyle.com\/en\/wp-json\/wp\/v2\/types\/post"}],"author":[{"embeddable":true,"href":"https:\/\/my-greenstyle.com\/en\/wp-json\/wp\/v2\/users\/2"}],"replies":[{"embeddable":true,"href":"https:\/\/my-greenstyle.com\/en\/wp-json\/wp\/v2\/comments?post=7768"}],"version-history":[{"count":3,"href":"https:\/\/my-greenstyle.com\/en\/wp-json\/wp\/v2\/posts\/7768\/revisions"}],"predecessor-version":[{"id":7820,"href":"https:\/\/my-greenstyle.com\/en\/wp-json\/wp\/v2\/posts\/7768\/revisions\/7820"}],"wp:featuredmedia":[{"embeddable":true,"href":"https:\/\/my-greenstyle.com\/en\/wp-json\/wp\/v2\/media\/7754"}],"wp:attachment":[{"href":"https:\/\/my-greenstyle.com\/en\/wp-json\/wp\/v2\/media?parent=7768"}],"wp:term":[{"taxonomy":"category","embeddable":true,"href":"https:\/\/my-greenstyle.com\/en\/wp-json\/wp\/v2\/categories?post=7768"},{"taxonomy":"post_tag","embeddable":true,"href":"https:\/\/my-greenstyle.com\/en\/wp-json\/wp\/v2\/tags?post=7768"}],"curies":[{"name":"wp","href":"https:\/\/api.w.org\/{rel}","templated":true}]}}