{"id":8400,"date":"2017-04-24T18:33:16","date_gmt":"2017-04-24T16:33:16","guid":{"rendered":"http:\/\/my-greenstyle.com\/?p=8400\/"},"modified":"2017-04-24T18:33:48","modified_gmt":"2017-04-24T16:33:48","slug":"whomademyclothes-fashion-revolution-2017","status":"publish","type":"post","link":"https:\/\/my-greenstyle.com\/en\/whomademyclothes-fashion-revolution-2017\/","title":{"rendered":"whomademyclothes &#8211; Fashion Revolution 2017"},"content":{"rendered":"<p><strong>Bangladesh<\/strong> is geographically far away from us, but the garments, which are produced there by <strong>Western companies<\/strong> (the names we know all too well), we all have in our <strong>wardrobe<\/strong>. Fast-paced <strong>fashion trends<\/strong>, unbeatable low<strong> prices<\/strong> &amp; Co. lead to unreflected <strong>mass consumption<\/strong>. But as it is so beautiful: Fast fashion is not free &#8211; someone is paying somewhere. And so we ask ourselves and the labels now <strong>whomademyclothes<\/strong>? For fff Future Fashion Forward, my dear Fairfashion blogger colleagues have delivered a few quotes on the occasion of the Fashion Revolution Week &#8211; my favorites I have integrated here. All the others are <a href=\"https:\/\/de.pinterest.com\/futurefashionfw\/fff-quotes\/\" target=\"_blank\" rel=\"noopener noreferrer\">here<\/a><\/p>\n<div id=\"attachment_8387\" style=\"width: 860px\" class=\"wp-caption aligncenter\"><img aria-describedby=\"caption-attachment-8387\" loading=\"lazy\" class=\"size-large wp-image-8387\" src=\"https:\/\/my-greenstyle.com\/wp-content\/uploads\/2017\/04\/Fashion-Revolution-Nina-Lorenzen-850x850.jpg\" alt=\"whomademyclothes\" width=\"850\" height=\"850\" srcset=\"https:\/\/my-greenstyle.com\/wp-content\/uploads\/2017\/04\/Fashion-Revolution-Nina-Lorenzen-850x850.jpg 850w, https:\/\/my-greenstyle.com\/wp-content\/uploads\/2017\/04\/Fashion-Revolution-Nina-Lorenzen-300x300.jpg 300w, https:\/\/my-greenstyle.com\/wp-content\/uploads\/2017\/04\/Fashion-Revolution-Nina-Lorenzen-100x100.jpg 100w, https:\/\/my-greenstyle.com\/wp-content\/uploads\/2017\/04\/Fashion-Revolution-Nina-Lorenzen-600x600.jpg 600w, https:\/\/my-greenstyle.com\/wp-content\/uploads\/2017\/04\/Fashion-Revolution-Nina-Lorenzen-150x150.jpg 150w, https:\/\/my-greenstyle.com\/wp-content\/uploads\/2017\/04\/Fashion-Revolution-Nina-Lorenzen-400x400.jpg 400w, https:\/\/my-greenstyle.com\/wp-content\/uploads\/2017\/04\/Fashion-Revolution-Nina-Lorenzen.jpg 1500w\" sizes=\"(max-width: 850px) 100vw, 850px\" \/><p id=\"caption-attachment-8387\" class=\"wp-caption-text\">Nina Lorenzen, Pink &amp; Green Blog<\/p><\/div>\n<p>&#8220;Buy less, choose well, make it last&#8221; &#8211; Vivienne Westwood has put the idea of \u200b\u200b<strong>changing consciousness<\/strong> in a few words very well. Because we are honest &#8211; how many<strong> favorite pieces<\/strong> does each of us have in the <strong>wardrobe<\/strong>? For my part, I have drastically reduced my <strong>consumption<\/strong> and am <strong>happier<\/strong> than before. The Fashion Revolution is not about abandonment, but by conscious consumption &#8211; usually by fashion labels that produce ethically and ecologically correct. Some of these great<a href=\"https:\/\/my-greenstyle.com\/en\/labels\/\"> labels have already been portrayed<\/a><\/p>\n<div id=\"attachment_8381\" style=\"width: 860px\" class=\"wp-caption aligncenter\"><img aria-describedby=\"caption-attachment-8381\" loading=\"lazy\" class=\"size-large wp-image-8381\" src=\"https:\/\/my-greenstyle.com\/wp-content\/uploads\/2017\/04\/Fashion-Revolution-Marisa-Neumeister-850x850.jpg\" alt=\"whomademyclothes\" width=\"850\" height=\"850\" srcset=\"https:\/\/my-greenstyle.com\/wp-content\/uploads\/2017\/04\/Fashion-Revolution-Marisa-Neumeister-850x850.jpg 850w, https:\/\/my-greenstyle.com\/wp-content\/uploads\/2017\/04\/Fashion-Revolution-Marisa-Neumeister-300x300.jpg 300w, https:\/\/my-greenstyle.com\/wp-content\/uploads\/2017\/04\/Fashion-Revolution-Marisa-Neumeister-100x100.jpg 100w, https:\/\/my-greenstyle.com\/wp-content\/uploads\/2017\/04\/Fashion-Revolution-Marisa-Neumeister-600x600.jpg 600w, https:\/\/my-greenstyle.com\/wp-content\/uploads\/2017\/04\/Fashion-Revolution-Marisa-Neumeister-150x150.jpg 150w, https:\/\/my-greenstyle.com\/wp-content\/uploads\/2017\/04\/Fashion-Revolution-Marisa-Neumeister-400x400.jpg 400w, https:\/\/my-greenstyle.com\/wp-content\/uploads\/2017\/04\/Fashion-Revolution-Marisa-Neumeister.jpg 1500w\" sizes=\"(max-width: 850px) 100vw, 850px\" \/><p id=\"caption-attachment-8381\" class=\"wp-caption-text\">Marisa Neumeister, my-fairladies<\/p><\/div>\n<h4 style=\"text-align: center;\"><span style=\"color: #008000;\"><div class=\"su-quote su-quote-style-default\"><div class=\"su-quote-inner su-u-clearfix su-u-trim\">Fairness is never out of fashion.<\/div><\/div><\/span><\/h4>\n<p>More awareness of the buyer and more <strong>transparency<\/strong>, social <strong>responsibility<\/strong> and ecologically<strong> responsible production<\/strong> on the part of the manufacturers &#8211; the world-wide organization Fashion Revolution has made its mark on the market with creative projects such as the <strong>social project of whomademyclothes<\/strong> and an<strong> XL commitment,<\/strong> to make the fashion industry more social and ecological, and to make consumers more conscious of how to buy clothing. In memory of the victims of Rana Plaza and to move the fashion labels to more<strong> transparency<\/strong>, we ask ourselves and the fashion label (not only) therefore in the Fashion Revolution Week from 24 to 29 April whomademyclothes?<\/p>\n<div id=\"attachment_8389\" style=\"width: 860px\" class=\"wp-caption aligncenter\"><img aria-describedby=\"caption-attachment-8389\" loading=\"lazy\" class=\"size-large wp-image-8389\" src=\"https:\/\/my-greenstyle.com\/wp-content\/uploads\/2017\/04\/Fashion-Revolution-Vreni-Ja\u0308ckle-850x850.jpg\" alt=\"whomademyclothes\" width=\"850\" height=\"850\" srcset=\"https:\/\/my-greenstyle.com\/wp-content\/uploads\/2017\/04\/Fashion-Revolution-Vreni-Ja\u0308ckle-850x850.jpg 850w, https:\/\/my-greenstyle.com\/wp-content\/uploads\/2017\/04\/Fashion-Revolution-Vreni-Ja\u0308ckle-300x300.jpg 300w, https:\/\/my-greenstyle.com\/wp-content\/uploads\/2017\/04\/Fashion-Revolution-Vreni-Ja\u0308ckle-100x100.jpg 100w, https:\/\/my-greenstyle.com\/wp-content\/uploads\/2017\/04\/Fashion-Revolution-Vreni-Ja\u0308ckle-600x600.jpg 600w, https:\/\/my-greenstyle.com\/wp-content\/uploads\/2017\/04\/Fashion-Revolution-Vreni-Ja\u0308ckle-150x150.jpg 150w, https:\/\/my-greenstyle.com\/wp-content\/uploads\/2017\/04\/Fashion-Revolution-Vreni-Ja\u0308ckle-400x400.jpg 400w, https:\/\/my-greenstyle.com\/wp-content\/uploads\/2017\/04\/Fashion-Revolution-Vreni-Ja\u0308ckle.jpg 1500w\" sizes=\"(max-width: 850px) 100vw, 850px\" \/><p id=\"caption-attachment-8389\" class=\"wp-caption-text\">Vreni J\u00e4ckle, J\u00e4ckle &amp; H\u00f6sle<\/p><\/div>\n<p>An overview of the <strong>events<\/strong> of the Fashion Revolution Week, such as the big <strong>clothes exchange<\/strong> campaign in the <a href=\"http:\/\/b-lage.hamburg\/\" target=\"_blank\" rel=\"noopener noreferrer\">b-lage in Hamburg<\/a>, exciting panel discussions such as <a href=\"https:\/\/www.facebook.com\/events\/1376929662374331\/\" target=\"_blank\" rel=\"noopener noreferrer\">re:fash: dialogue<\/a> &#8211; moneyfashionpower in Berlin and the launch of the new Fashion Revolution video can be found at <a href=\"http:\/\/fashionrevolution.org\/country\/germany\/\" target=\"_blank\" rel=\"noopener noreferrer\">Fashion Revolution Germany<\/a><\/p>\n<div id=\"attachment_8379\" style=\"width: 860px\" class=\"wp-caption aligncenter\"><img aria-describedby=\"caption-attachment-8379\" loading=\"lazy\" class=\"size-large wp-image-8379\" src=\"https:\/\/my-greenstyle.com\/wp-content\/uploads\/2017\/04\/Fashion-Revolution-Kleiderei-850x850.jpg\" alt=\"whomademyclothes\" width=\"850\" height=\"850\" srcset=\"https:\/\/my-greenstyle.com\/wp-content\/uploads\/2017\/04\/Fashion-Revolution-Kleiderei-850x850.jpg 850w, https:\/\/my-greenstyle.com\/wp-content\/uploads\/2017\/04\/Fashion-Revolution-Kleiderei-300x300.jpg 300w, https:\/\/my-greenstyle.com\/wp-content\/uploads\/2017\/04\/Fashion-Revolution-Kleiderei-100x100.jpg 100w, https:\/\/my-greenstyle.com\/wp-content\/uploads\/2017\/04\/Fashion-Revolution-Kleiderei-600x600.jpg 600w, https:\/\/my-greenstyle.com\/wp-content\/uploads\/2017\/04\/Fashion-Revolution-Kleiderei-150x150.jpg 150w, https:\/\/my-greenstyle.com\/wp-content\/uploads\/2017\/04\/Fashion-Revolution-Kleiderei-400x400.jpg 400w, https:\/\/my-greenstyle.com\/wp-content\/uploads\/2017\/04\/Fashion-Revolution-Kleiderei.jpg 1500w\" sizes=\"(max-width: 850px) 100vw, 850px\" \/><p id=\"caption-attachment-8379\" class=\"wp-caption-text\">Borrow instead of buy &#8211; Thekla Wilkening and Pola Fendel, Kleiderei<\/p><\/div>\n<h2>Join the revolution: Show your label \u2013 ask the brand # whomademyclothes<\/h2>\n<p>In the week of April 24th, wear your clothes <strong>turned inside out<\/strong>, show your<strong> label<\/strong>, make a <strong>Selfie<\/strong> and post the picture on the <strong>social media<\/strong>. To do so, please<strong> tag<\/strong> the fashion label and ask the question <strong>whomademyclothes<\/strong>. And then you can be curious about the answer.<\/p>\n<div id=\"attachment_8385\" style=\"width: 860px\" class=\"wp-caption aligncenter\"><img aria-describedby=\"caption-attachment-8385\" loading=\"lazy\" class=\"size-large wp-image-8385\" src=\"https:\/\/my-greenstyle.com\/wp-content\/uploads\/2017\/04\/Fashion-Revolution-Mirjam-Smend-850x850.jpg\" alt=\"whomademyclothes\" width=\"850\" height=\"850\" srcset=\"https:\/\/my-greenstyle.com\/wp-content\/uploads\/2017\/04\/Fashion-Revolution-Mirjam-Smend-850x850.jpg 850w, https:\/\/my-greenstyle.com\/wp-content\/uploads\/2017\/04\/Fashion-Revolution-Mirjam-Smend-300x300.jpg 300w, https:\/\/my-greenstyle.com\/wp-content\/uploads\/2017\/04\/Fashion-Revolution-Mirjam-Smend-100x100.jpg 100w, https:\/\/my-greenstyle.com\/wp-content\/uploads\/2017\/04\/Fashion-Revolution-Mirjam-Smend-600x600.jpg 600w, https:\/\/my-greenstyle.com\/wp-content\/uploads\/2017\/04\/Fashion-Revolution-Mirjam-Smend-150x150.jpg 150w, https:\/\/my-greenstyle.com\/wp-content\/uploads\/2017\/04\/Fashion-Revolution-Mirjam-Smend-400x400.jpg 400w, https:\/\/my-greenstyle.com\/wp-content\/uploads\/2017\/04\/Fashion-Revolution-Mirjam-Smend.jpg 1500w\" sizes=\"(max-width: 850px) 100vw, 850px\" \/><p id=\"caption-attachment-8385\" class=\"wp-caption-text\">My opinion? Fashion Revolution is every day!<\/p><\/div>\n","protected":false},"excerpt":{"rendered":"<p>Bangladesh is geographically far away from us, but the garments, which are produced there by Western companies (the names we know all too well), we all have in our wardrobe. Fast-paced fashion trends, unbeatable low prices &amp; Co. lead to unreflected mass consumption. But as it is so beautiful: Fast fashion is not free &#8211; [&hellip;]<\/p>\n","protected":false},"author":2,"featured_media":8386,"comment_status":"open","ping_status":"open","sticky":false,"template":"","format":"standard","meta":[],"categories":[497],"tags":[1285,1298],"acf":[],"yoast_head":"<!-- This site is optimized with the Yoast SEO plugin v16.7 - https:\/\/yoast.com\/wordpress\/plugins\/seo\/ -->\n<title>whomademyclothes - Fashion Revolution 2017 - my-GREENstyle<\/title>\n<meta name=\"description\" content=\"It is Fashion Revolution Week and we wish for more social and environmental responsibility in the fashion industry and ask therefore: whomademyclothes?\" \/>\n<meta name=\"robots\" content=\"index, follow, max-snippet:-1, max-image-preview:large, max-video-preview:-1\" \/>\n<link rel=\"canonical\" href=\"https:\/\/my-greenstyle.com\/en\/whomademyclothes-fashion-revolution-2017\/\" \/>\n<meta property=\"og:locale\" content=\"en_US\" \/>\n<meta property=\"og:type\" content=\"article\" \/>\n<meta property=\"og:title\" content=\"whomademyclothes - Fashion Revolution 2017 - my-GREENstyle\" \/>\n<meta property=\"og:description\" content=\"It is Fashion Revolution Week and we wish for more social and environmental responsibility in the fashion industry and ask therefore: whomademyclothes?\" \/>\n<meta property=\"og:url\" content=\"https:\/\/my-greenstyle.com\/en\/whomademyclothes-fashion-revolution-2017\/\" \/>\n<meta property=\"og:site_name\" content=\"my-GREENstyle\" \/>\n<meta property=\"article:publisher\" content=\"https:\/\/www.facebook.com\/mygreenstylecom\" \/>\n<meta property=\"article:published_time\" content=\"2017-04-24T16:33:16+00:00\" \/>\n<meta property=\"article:modified_time\" content=\"2017-04-24T16:33:48+00:00\" \/>\n<meta property=\"og:image\" content=\"https:\/\/my-greenstyle.com\/wp-content\/uploads\/2017\/04\/Fashion-Revolution-Mirjam-Smend.jpg\" \/>\n\t<meta property=\"og:image:width\" content=\"1500\" \/>\n\t<meta property=\"og:image:height\" content=\"1500\" \/>\n<meta name=\"twitter:card\" content=\"summary\" \/>\n<meta name=\"twitter:label1\" content=\"Written by\" \/>\n\t<meta name=\"twitter:data1\" content=\"Mirjam Smend\" \/>\n\t<meta name=\"twitter:label2\" content=\"Est. reading time\" \/>\n\t<meta name=\"twitter:data2\" content=\"2 minutes\" \/>\n<script type=\"application\/ld+json\" class=\"yoast-schema-graph\">{\"@context\":\"https:\/\/schema.org\",\"@graph\":[{\"@type\":\"WebSite\",\"@id\":\"https:\/\/my-greenstyle.com\/en\/#website\",\"url\":\"https:\/\/my-greenstyle.com\/en\/\",\"name\":\"my-GREENstyle\",\"description\":\"Eine weitere WordPress-Seite\",\"potentialAction\":[{\"@type\":\"SearchAction\",\"target\":{\"@type\":\"EntryPoint\",\"urlTemplate\":\"https:\/\/my-greenstyle.com\/en\/?s={search_term_string}\"},\"query-input\":\"required name=search_term_string\"}],\"inLanguage\":\"en-US\"},{\"@type\":\"ImageObject\",\"@id\":\"https:\/\/my-greenstyle.com\/en\/whomademyclothes-fashion-revolution-2017\/#primaryimage\",\"inLanguage\":\"en-US\",\"url\":\"https:\/\/my-greenstyle.com\/wp-content\/uploads\/2017\/04\/Fashion-Revolution-Mirjam-Smend.jpg\",\"contentUrl\":\"https:\/\/my-greenstyle.com\/wp-content\/uploads\/2017\/04\/Fashion-Revolution-Mirjam-Smend.jpg\",\"width\":1500,\"height\":1500},{\"@type\":\"WebPage\",\"@id\":\"https:\/\/my-greenstyle.com\/en\/whomademyclothes-fashion-revolution-2017\/#webpage\",\"url\":\"https:\/\/my-greenstyle.com\/en\/whomademyclothes-fashion-revolution-2017\/\",\"name\":\"whomademyclothes - Fashion Revolution 2017 - my-GREENstyle\",\"isPartOf\":{\"@id\":\"https:\/\/my-greenstyle.com\/en\/#website\"},\"primaryImageOfPage\":{\"@id\":\"https:\/\/my-greenstyle.com\/en\/whomademyclothes-fashion-revolution-2017\/#primaryimage\"},\"datePublished\":\"2017-04-24T16:33:16+00:00\",\"dateModified\":\"2017-04-24T16:33:48+00:00\",\"author\":{\"@id\":\"https:\/\/my-greenstyle.com\/en\/#\/schema\/person\/2d0a020d74298edd124f8ef1969885c4\"},\"description\":\"It is Fashion Revolution Week and we wish for more social and environmental responsibility in the fashion industry and ask therefore: whomademyclothes?\",\"breadcrumb\":{\"@id\":\"https:\/\/my-greenstyle.com\/en\/whomademyclothes-fashion-revolution-2017\/#breadcrumb\"},\"inLanguage\":\"en-US\",\"potentialAction\":[{\"@type\":\"ReadAction\",\"target\":[\"https:\/\/my-greenstyle.com\/en\/whomademyclothes-fashion-revolution-2017\/\"]}]},{\"@type\":\"BreadcrumbList\",\"@id\":\"https:\/\/my-greenstyle.com\/en\/whomademyclothes-fashion-revolution-2017\/#breadcrumb\",\"itemListElement\":[{\"@type\":\"ListItem\",\"position\":1,\"name\":\"Home\",\"item\":\"https:\/\/my-greenstyle.com\/en\/\"},{\"@type\":\"ListItem\",\"position\":2,\"name\":\"whomademyclothes &#8211; Fashion Revolution 2017\"}]},{\"@type\":\"Person\",\"@id\":\"https:\/\/my-greenstyle.com\/en\/#\/schema\/person\/2d0a020d74298edd124f8ef1969885c4\",\"name\":\"Mirjam Smend\",\"image\":{\"@type\":\"ImageObject\",\"@id\":\"https:\/\/my-greenstyle.com\/en\/#personlogo\",\"inLanguage\":\"en-US\",\"url\":\"https:\/\/secure.gravatar.com\/avatar\/8b837db10ab66e0a39107244829d09d2?s=96&d=mm&r=g\",\"contentUrl\":\"https:\/\/secure.gravatar.com\/avatar\/8b837db10ab66e0a39107244829d09d2?s=96&d=mm&r=g\",\"caption\":\"Mirjam Smend\"},\"url\":\"https:\/\/my-greenstyle.com\/en\/author\/mirijam\/\"}]}<\/script>\n<!-- \/ Yoast SEO plugin. -->","yoast_head_json":{"title":"whomademyclothes - Fashion Revolution 2017 - my-GREENstyle","description":"It is Fashion Revolution Week and we wish for more social and environmental responsibility in the fashion industry and ask therefore: whomademyclothes?","robots":{"index":"index","follow":"follow","max-snippet":"max-snippet:-1","max-image-preview":"max-image-preview:large","max-video-preview":"max-video-preview:-1"},"canonical":"https:\/\/my-greenstyle.com\/en\/whomademyclothes-fashion-revolution-2017\/","og_locale":"en_US","og_type":"article","og_title":"whomademyclothes - Fashion Revolution 2017 - my-GREENstyle","og_description":"It is Fashion Revolution Week and we wish for more social and environmental responsibility in the fashion industry and ask therefore: whomademyclothes?","og_url":"https:\/\/my-greenstyle.com\/en\/whomademyclothes-fashion-revolution-2017\/","og_site_name":"my-GREENstyle","article_publisher":"https:\/\/www.facebook.com\/mygreenstylecom","article_published_time":"2017-04-24T16:33:16+00:00","article_modified_time":"2017-04-24T16:33:48+00:00","og_image":[{"width":1500,"height":1500,"url":"https:\/\/my-greenstyle.com\/wp-content\/uploads\/2017\/04\/Fashion-Revolution-Mirjam-Smend.jpg","path":"\/homepages\/22\/d609430457\/htdocs\/my-greenstyle\/wp-content\/uploads\/2017\/04\/Fashion-Revolution-Mirjam-Smend.jpg","size":"full","id":8386,"alt":"","pixels":2250000,"type":"image\/jpeg"}],"twitter_card":"summary","twitter_misc":{"Written by":"Mirjam Smend","Est. reading time":"2 minutes"},"schema":{"@context":"https:\/\/schema.org","@graph":[{"@type":"WebSite","@id":"https:\/\/my-greenstyle.com\/en\/#website","url":"https:\/\/my-greenstyle.com\/en\/","name":"my-GREENstyle","description":"Eine weitere WordPress-Seite","potentialAction":[{"@type":"SearchAction","target":{"@type":"EntryPoint","urlTemplate":"https:\/\/my-greenstyle.com\/en\/?s={search_term_string}"},"query-input":"required name=search_term_string"}],"inLanguage":"en-US"},{"@type":"ImageObject","@id":"https:\/\/my-greenstyle.com\/en\/whomademyclothes-fashion-revolution-2017\/#primaryimage","inLanguage":"en-US","url":"https:\/\/my-greenstyle.com\/wp-content\/uploads\/2017\/04\/Fashion-Revolution-Mirjam-Smend.jpg","contentUrl":"https:\/\/my-greenstyle.com\/wp-content\/uploads\/2017\/04\/Fashion-Revolution-Mirjam-Smend.jpg","width":1500,"height":1500},{"@type":"WebPage","@id":"https:\/\/my-greenstyle.com\/en\/whomademyclothes-fashion-revolution-2017\/#webpage","url":"https:\/\/my-greenstyle.com\/en\/whomademyclothes-fashion-revolution-2017\/","name":"whomademyclothes - Fashion Revolution 2017 - my-GREENstyle","isPartOf":{"@id":"https:\/\/my-greenstyle.com\/en\/#website"},"primaryImageOfPage":{"@id":"https:\/\/my-greenstyle.com\/en\/whomademyclothes-fashion-revolution-2017\/#primaryimage"},"datePublished":"2017-04-24T16:33:16+00:00","dateModified":"2017-04-24T16:33:48+00:00","author":{"@id":"https:\/\/my-greenstyle.com\/en\/#\/schema\/person\/2d0a020d74298edd124f8ef1969885c4"},"description":"It is Fashion Revolution Week and we wish for more social and environmental responsibility in the fashion industry and ask therefore: whomademyclothes?","breadcrumb":{"@id":"https:\/\/my-greenstyle.com\/en\/whomademyclothes-fashion-revolution-2017\/#breadcrumb"},"inLanguage":"en-US","potentialAction":[{"@type":"ReadAction","target":["https:\/\/my-greenstyle.com\/en\/whomademyclothes-fashion-revolution-2017\/"]}]},{"@type":"BreadcrumbList","@id":"https:\/\/my-greenstyle.com\/en\/whomademyclothes-fashion-revolution-2017\/#breadcrumb","itemListElement":[{"@type":"ListItem","position":1,"name":"Home","item":"https:\/\/my-greenstyle.com\/en\/"},{"@type":"ListItem","position":2,"name":"whomademyclothes &#8211; Fashion Revolution 2017"}]},{"@type":"Person","@id":"https:\/\/my-greenstyle.com\/en\/#\/schema\/person\/2d0a020d74298edd124f8ef1969885c4","name":"Mirjam Smend","image":{"@type":"ImageObject","@id":"https:\/\/my-greenstyle.com\/en\/#personlogo","inLanguage":"en-US","url":"https:\/\/secure.gravatar.com\/avatar\/8b837db10ab66e0a39107244829d09d2?s=96&d=mm&r=g","contentUrl":"https:\/\/secure.gravatar.com\/avatar\/8b837db10ab66e0a39107244829d09d2?s=96&d=mm&r=g","caption":"Mirjam Smend"},"url":"https:\/\/my-greenstyle.com\/en\/author\/mirijam\/"}]}},"_links":{"self":[{"href":"https:\/\/my-greenstyle.com\/en\/wp-json\/wp\/v2\/posts\/8400"}],"collection":[{"href":"https:\/\/my-greenstyle.com\/en\/wp-json\/wp\/v2\/posts"}],"about":[{"href":"https:\/\/my-greenstyle.com\/en\/wp-json\/wp\/v2\/types\/post"}],"author":[{"embeddable":true,"href":"https:\/\/my-greenstyle.com\/en\/wp-json\/wp\/v2\/users\/2"}],"replies":[{"embeddable":true,"href":"https:\/\/my-greenstyle.com\/en\/wp-json\/wp\/v2\/comments?post=8400"}],"version-history":[{"count":3,"href":"https:\/\/my-greenstyle.com\/en\/wp-json\/wp\/v2\/posts\/8400\/revisions"}],"predecessor-version":[{"id":8404,"href":"https:\/\/my-greenstyle.com\/en\/wp-json\/wp\/v2\/posts\/8400\/revisions\/8404"}],"wp:featuredmedia":[{"embeddable":true,"href":"https:\/\/my-greenstyle.com\/en\/wp-json\/wp\/v2\/media\/8386"}],"wp:attachment":[{"href":"https:\/\/my-greenstyle.com\/en\/wp-json\/wp\/v2\/media?parent=8400"}],"wp:term":[{"taxonomy":"category","embeddable":true,"href":"https:\/\/my-greenstyle.com\/en\/wp-json\/wp\/v2\/categories?post=8400"},{"taxonomy":"post_tag","embeddable":true,"href":"https:\/\/my-greenstyle.com\/en\/wp-json\/wp\/v2\/tags?post=8400"}],"curies":[{"name":"wp","href":"https:\/\/api.w.org\/{rel}","templated":true}]}}